{"id":955,"date":"2020-02-18T18:26:48","date_gmt":"2020-02-18T17:26:48","guid":{"rendered":"http:\/\/corinne-deschamps.com\/blog\/?p=955"},"modified":"2020-02-22T09:17:46","modified_gmt":"2020-02-22T08:17:46","slug":"auriez-vous-perdu-un-jumeau","status":"publish","type":"post","link":"http:\/\/corinne-deschamps.com\/blog\/auriez-vous-perdu-un-jumeau\/","title":{"rendered":"Auriez-vous perdu un jumeau ?"},"content":{"rendered":"\n<p style=\"color:#3f0a71\" class=\"has-text-color has-drop-cap\"> Vous savez que tout ce qui touche \u00e0 la p\u00e9riode autour de la grossesse me  passionne particuli\u00e8rement. Je l&#8217;ai appel\u00e9e notre QR27 (voir article &#8220;Connaisssez-vous votre QR 27?&#8221; du 6 f\u00e9vrier 20)<\/p>\n\n\n\n<p style=\"color:#3f0a71\" class=\"has-text-color\">  Cependant, j\u2019ai toujours \u00e9t\u00e9 \u00e9tonn\u00e9e, du nombre incroyablement important de s\u00e9ances tournant autour du m\u00eame th\u00e8me&nbsp;: <strong>l\u2019information de la pr\u00e9sence d\u2019un \u00ab&nbsp;autre&nbsp;\u00bb au d\u00e9part de la vie.<\/strong>  Je reconnais qu\u2019au d\u00e9but, je me demandais s\u2019il \u00e9tait vraiment possible qu\u2019il y ait autant de d\u00e9parts de grossesses multiples se terminant par la venue au monde d\u2019un seul enfant sans que la m\u00e8re en soit consciente&nbsp;!<\/p>\n\n\n\n<p style=\"color:#3f0a71\" class=\"has-text-color\"><strong>Et bien oui&nbsp;!<\/strong> On appelle cela \u00ab&nbsp;le jumeau perdu&nbsp;\u00bb ou la \u00ab&nbsp;lyse\ndu jumeau&nbsp;\u00bb. <\/p>\n\n\n\n<p style=\"color:#3f0a71\" class=\"has-text-color\">Un \u00ab&nbsp;autre&nbsp;\u00bb\nqui ne se d\u00e9veloppera pas, qui ne viendra pas au monde et qui ira m\u00eame jusqu\u2019\u00e0 disparaitre\nau cours de la grossesse pour passer inaper\u00e7u \u00e0 la naissance. <\/p>\n\n\n\n<p style=\"color:#084264\" class=\"has-text-color has-medium-font-size\"><strong>Se pourrait-il qu\u2019il y ait autant de \u00ab&nbsp;jumeaux absents&nbsp;\u00bb&nbsp;? <\/strong><\/p>\n\n\n\n<p style=\"color:#3f0a71\" class=\"has-text-color\">Il a \u00e9t\u00e9 confirm\u00e9 scientifiquement qu\u2019<strong>une personne sur 8 serait con\u00e7ue avec un jumeau ou une jumelle<\/strong>&nbsp;! Alors que seulement 1 sur 70 arriveraient \u00e0 naitre avec lui ou elle.<strong> C\u2019est \u00e9norme!! <\/strong><\/p>\n\n\n\n<p style=\"color:#3f0a71\" class=\"has-text-color\">Et c\u2019est encore plus vrai maintenant avec les f\u00e9condations m\u00e9dicalement\nassist\u00e9es. <\/p>\n\n\n\n<p style=\"color:#3f0a71\" class=\"has-text-color\">Avant, les\ngrossesses n\u2019\u00e9taient pas si encadr\u00e9es et il \u00e9tait difficile d\u2019identifier la lyse\nd\u2019un jumeau, et <strong>de nombreuses femmes ont \u00e9t\u00e9\nconcern\u00e9es par ce ph\u00e9nom\u00e8ne sans m\u00eame s\u2019en apercevoir. <\/strong><\/p>\n\n\n\n<p style=\"color:#3f0a71\" class=\"has-text-color\">Aujourd\u2019hui, bien que l\u2019\u00e9chographie d\u00e8s le d\u00e9but de la grossesse permette de diagnostiquer les grossesses multiples, <strong>il est encore possible de passer \u00e0 c\u00f4t\u00e9&nbsp;!<\/strong><\/p>\n\n\n\n<p style=\"color:#084264\" class=\"has-text-color has-medium-font-size\"><strong>Alors que se\npasse-t-il concr\u00e8tement&nbsp;? <\/strong><\/p>\n\n\n\n<p style=\"color:#3f0a71\" class=\"has-text-color\">C\u2019est tout\nsimplement une grossesse multiple dont l\u2019un des f\u00e9tus est avort\u00e9 spontan\u00e9ment,\nen g\u00e9n\u00e9ral au cours du premier trimestre. Le tissu f\u0153tal est ensuite absorb\u00e9\npar le second jumeau, le placenta, ou la m\u00e8re, donnant ainsi l\u2019impression que\nle jumeau \u00e0 \u00ab&nbsp;disparu&nbsp;\u00bb.<\/p>\n\n\n\n<p style=\"color:#3f0a71\" class=\"has-text-color\">Avant, en analysant le placenta apr\u00e8s l\u2019accouchement, on pouvait s\u2019apercevoir que la grossesse avait \u00e9t\u00e9 multiple mais qu\u2019un des f\u0153tus \u00e9tait mort. <strong>Mais tout cela pouvait passer compl\u00e9tement inaper\u00e7u. Surtout si la m\u00e8re n\u2019avait ressenti aucun sympt\u00f4me particulier. <\/strong> Et avant\u2026 analysait-on syst\u00e9matiquement le placenta&nbsp;? Surtout quand un beau b\u00e9b\u00e9 \u00e9tait l\u00e0, pr\u00e9sent&#8230;  <\/p>\n\n\n\n<p style=\"color:#3f0a71\" class=\"has-text-color\">Aujourd\u2019hui, gr\u00e2ce aux examens que l\u2019on r\u00e9alise d\u00e8s les premiers jours de la grossesse, on peut s\u2019apercevoir qu\u2019une grossesse est g\u00e9mellaire ou multiple mais, quelques jours ou semaines plus tard, curieusement, <strong>un des f\u0153tus&nbsp;a tout simplement disparu. Dans ce cas, la m\u00e8re peut n\u2019avoir ressenti que quelques douleurs ou crampes ut\u00e9rines ou avoir perdu un peu de sang, ou rien du tout&nbsp;! <\/strong><\/p>\n\n\n\n<p style=\"color:#3f0a71\" class=\"has-text-color\">On ignore les causes exactes de la perte d\u2019un jumeau. Cependant, certains indices montrent que <strong>l\u2019embryon disparu souffrait sans doute de troubles g\u00e9n\u00e9tiques depuis sa formation<\/strong> ou qu\u2019il ait \u00e9t\u00e9 mal accroch\u00e9.                   Cette supposition se fonde sur l\u2019analyse du placenta apr\u00e8s l\u2019accouchement. <\/p>\n\n\n\n<p style=\"color:#084264\" class=\"has-text-color has-medium-font-size\"><strong>Quelles sont les cons\u00e9quences&nbsp;? <\/strong><\/p>\n\n\n\n<p style=\"color:#3f0a71\" class=\"has-text-color\">Lorsque le syndrome du jumeau perdu se produit au cours du 1<sup>er<\/sup> trimestre, la grossesse se poursuit normalement et le b\u00e9b\u00e9 restant vient au monde en bonne sant\u00e9 et la grossesse multiple pourra passer inaper\u00e7ue. <\/p>\n\n\n\n<p style=\"color:#3f0a71\" class=\"has-text-color\"><strong>Dans ce cas, d\u2019un point de vue physique<\/strong>, on n\u2019observe en g\u00e9n\u00e9ral <strong>aucun sympt\u00f4me ou aucune cons\u00e9quence grave<\/strong>. <\/p>\n\n\n\n<p style=\"color:#3f0a71\" class=\"has-text-color\">S\u2019il\ndispara\u00eet au 2<sup>\u00e8me<\/sup> ou 3<sup>\u00e8me<\/sup> trimestre, <strong>les risques pour\nle b\u00e9b\u00e9 survivant sont plus importants<\/strong>. De\ntemps en temps, des restes du f\u0153tus absorb\u00e9 se trouvent dans le survivant, sous\nla forme de t\u00e9ratome (sorte de tumeur) contenant des os, des cheveux, des dents\nou des fragments de tissus.<\/p>\n\n\n\n<p style=\"color:#3f0a71\" class=\"has-text-color\"><strong>D\u2019un point de vue \u00e9motionnel, c&#8217;est une autre histoire! Les parents<\/strong> auront surement besoin de faire le deuil de cet enfant perdu et de leur identit\u00e9 en tant que parent de multiples. Encore faut-il qu&#8217;ils sachent que cet &#8220;autre&#8221; a exist\u00e9.<\/p>\n\n\n\n<p style=\"color:#084264\" class=\"has-text-color has-medium-font-size\"><strong>Et les consquences sur l&#8217;enfant restant&#8230;. on en parle? <\/strong><\/p>\n\n\n\n<p style=\"color:#3f0a71\" class=\"has-text-color\">J&#8217;y reviendrai la semaine prochaine avec le t\u00e9moignage de <strong>Nina qui a v\u00e9cu 4 mois avec une jumelle perdue&#8230;.. <\/strong><\/p>\n\n\n\n<p style=\"color:#3f0a71\" class=\"has-text-color\">En attendant, <\/p>\n\n\n\n<p style=\"color:#3f0a71\" class=\"has-text-color\">Je vous souhaite une belle r\u00e9flexion, et&#8230; <\/p>\n\n\n\n<p style=\"color:#4d4474\" class=\"has-text-color has-small-font-size\">#Jevousinvite\u00e0toujoursvousdemanderPourquoi&nbsp;!<\/p>\n\n\n\n<p><\/p>\n","protected":false},"excerpt":{"rendered":"<p>Vous savez que tout ce qui touche \u00e0 la p\u00e9riode autour de la grossesse me passionne particuli\u00e8rement. Je l&#8217;ai appel\u00e9e notre QR27 (voir article&#8230;<\/p>\n","protected":false},"author":1,"featured_media":957,"comment_status":"open","ping_status":"open","sticky":false,"template":"","format":"standard","meta":{"footnotes":""},"categories":[44,5],"tags":[],"class_list":["post-955","post","type-post","status-publish","format-standard","has-post-thumbnail","hentry","category-genealogie","category-le-saviez-vous"],"aioseo_notices":[],"_links":{"self":[{"href":"http:\/\/corinne-deschamps.com\/blog\/wp-json\/wp\/v2\/posts\/955"}],"collection":[{"href":"http:\/\/corinne-deschamps.com\/blog\/wp-json\/wp\/v2\/posts"}],"about":[{"href":"http:\/\/corinne-deschamps.com\/blog\/wp-json\/wp\/v2\/types\/post"}],"author":[{"embeddable":true,"href":"http:\/\/corinne-deschamps.com\/blog\/wp-json\/wp\/v2\/users\/1"}],"replies":[{"embeddable":true,"href":"http:\/\/corinne-deschamps.com\/blog\/wp-json\/wp\/v2\/comments?post=955"}],"version-history":[{"count":19,"href":"http:\/\/corinne-deschamps.com\/blog\/wp-json\/wp\/v2\/posts\/955\/revisions"}],"predecessor-version":[{"id":979,"href":"http:\/\/corinne-deschamps.com\/blog\/wp-json\/wp\/v2\/posts\/955\/revisions\/979"}],"wp:featuredmedia":[{"embeddable":true,"href":"http:\/\/corinne-deschamps.com\/blog\/wp-json\/wp\/v2\/media\/957"}],"wp:attachment":[{"href":"http:\/\/corinne-deschamps.com\/blog\/wp-json\/wp\/v2\/media?parent=955"}],"wp:term":[{"taxonomy":"category","embeddable":true,"href":"http:\/\/corinne-deschamps.com\/blog\/wp-json\/wp\/v2\/categories?post=955"},{"taxonomy":"post_tag","embeddable":true,"href":"http:\/\/corinne-deschamps.com\/blog\/wp-json\/wp\/v2\/tags?post=955"}],"curies":[{"name":"wp","href":"https:\/\/api.w.org\/{rel}","templated":true}]}}