{"id":824,"date":"2019-09-22T11:10:39","date_gmt":"2019-09-22T10:10:39","guid":{"rendered":"http:\/\/corinne-deschamps.com\/blog\/?p=824"},"modified":"2020-02-14T11:24:13","modified_gmt":"2020-02-14T10:24:13","slug":"suite-a-la-seance-mon-fils-a-retrouve-un-sommeil-serein","status":"publish","type":"post","link":"http:\/\/corinne-deschamps.com\/blog\/suite-a-la-seance-mon-fils-a-retrouve-un-sommeil-serein\/","title":{"rendered":"Suite \u00e0 la s\u00e9ance, mon fils a retrouv\u00e9 un sommeil serein."},"content":{"rendered":"\n<p>Ce message fait suite au RDV que mon fils Matthias a eu avec vous.         La s\u00e9ance a \u00e9t\u00e9 tr\u00e8s b\u00e9n\u00e9fique. <\/p>\n\n\n\n<p>Suite \u00e0 cela, mon fils a retrouv\u00e9 un sommeil serein.   Lui qui avait beaucoup de mal a s\u2019endormir, car trop de questions, trop  d\u2019inqui\u00e9tude au moment de se coucher, s\u2019est mis \u00e0 s\u2019endormir tr\u00e8s  facilement le soir.<\/p>\n\n\n\n<!--more-->\n\n\n\n<p>  Je retourne toujours voir mon fils dormir au moment o\u00f9 je vais me  coucher. Il dort d\u00e9j\u00e0 mais son lit est en champs de bataille, il dort la  t\u00eate au niveau des pieds ou de travers, son oreiller par terre, sa  couverture enlev\u00e9e et en boule. Et suite \u00e0 cette s\u00e9ance, lorsque nous  retournions le voir dormir, ce qui nous a frapp\u00e9 mon mari et moi, c\u2019est  qu\u2019il dormait exactement dans la m\u00eame position que lorsqu\u2019il s\u2019\u00e9tait  endormi, il n\u2019avait pas boug\u00e9, et dormait l\u2019air serein. Quelques  semaines apr\u00e8s sa s\u00e9ance, mon fils m\u2019a dit que vous \u00eates une magicienne&nbsp; <\/p>\n\n\n\n<p>Je vous remercie pour tout cela.   Mme de La Selle. <\/p>\n\n\n\n<p><\/p>\n","protected":false},"excerpt":{"rendered":"<p>Ce message fait suite au RDV que mon fils Matthias a eu avec vous. La s\u00e9ance a \u00e9t\u00e9 tr\u00e8s b\u00e9n\u00e9fique. Suite \u00e0 cela, mon&#8230;<\/p>\n","protected":false},"author":1,"featured_media":456,"comment_status":"open","ping_status":"open","sticky":false,"template":"","format":"standard","meta":{"footnotes":""},"categories":[4,6],"tags":[],"class_list":["post-824","post","type-post","status-publish","format-standard","has-post-thumbnail","hentry","category-infos-sante-bien-etre","category-temoignages-seance"],"aioseo_notices":[],"_links":{"self":[{"href":"http:\/\/corinne-deschamps.com\/blog\/wp-json\/wp\/v2\/posts\/824"}],"collection":[{"href":"http:\/\/corinne-deschamps.com\/blog\/wp-json\/wp\/v2\/posts"}],"about":[{"href":"http:\/\/corinne-deschamps.com\/blog\/wp-json\/wp\/v2\/types\/post"}],"author":[{"embeddable":true,"href":"http:\/\/corinne-deschamps.com\/blog\/wp-json\/wp\/v2\/users\/1"}],"replies":[{"embeddable":true,"href":"http:\/\/corinne-deschamps.com\/blog\/wp-json\/wp\/v2\/comments?post=824"}],"version-history":[{"count":1,"href":"http:\/\/corinne-deschamps.com\/blog\/wp-json\/wp\/v2\/posts\/824\/revisions"}],"predecessor-version":[{"id":825,"href":"http:\/\/corinne-deschamps.com\/blog\/wp-json\/wp\/v2\/posts\/824\/revisions\/825"}],"wp:featuredmedia":[{"embeddable":true,"href":"http:\/\/corinne-deschamps.com\/blog\/wp-json\/wp\/v2\/media\/456"}],"wp:attachment":[{"href":"http:\/\/corinne-deschamps.com\/blog\/wp-json\/wp\/v2\/media?parent=824"}],"wp:term":[{"taxonomy":"category","embeddable":true,"href":"http:\/\/corinne-deschamps.com\/blog\/wp-json\/wp\/v2\/categories?post=824"},{"taxonomy":"post_tag","embeddable":true,"href":"http:\/\/corinne-deschamps.com\/blog\/wp-json\/wp\/v2\/tags?post=824"}],"curies":[{"name":"wp","href":"https:\/\/api.w.org\/{rel}","templated":true}]}}