{"id":687,"date":"2019-07-04T10:05:37","date_gmt":"2019-07-04T09:05:37","guid":{"rendered":"http:\/\/corinne-deschamps.com\/blog\/?p=687"},"modified":"2020-02-14T10:57:24","modified_gmt":"2020-02-14T09:57:24","slug":"nouvelle-experience-ma-cure-de-jeune-aux-crocodiles-jaunes-partie-5-6","status":"publish","type":"post","link":"http:\/\/corinne-deschamps.com\/blog\/nouvelle-experience-ma-cure-de-jeune-aux-crocodiles-jaunes-partie-5-6\/","title":{"rendered":"Nouvelle exp\u00e9rience, ma cure de je\u00fbne aux Crocodiles Jaunes&#8230; Partie 5\/6"},"content":{"rendered":"\n<p style=\"text-align:center\">7h30&nbsp;\u2026. Les nuits se suivent et\u2026. se ressemblent\u2026. Celle-ci comme les autres aura \u00e9t\u00e9 \u00e9pouvantable. Je n\u2019ai encore pas ferm\u00e9 l\u2019\u0153il de la nuit! <\/p>\n\n\n\n<!--more-->\n\n\n\n<p style=\"text-align:center\">Ce matin, r\u00e9veil musculaire en yoga&#8230;      <img loading=\"lazy\" decoding=\"async\" width=\"300\" height=\"248\" class=\"wp-image-688\" style=\"width: 300px;\" src=\"http:\/\/corinne-deschamps.com\/blog\/wp-content\/uploads\/2019\/07\/DSC02666.jpg\" alt=\"cure de je\u00fbne les crocodiles jaunes blog corinne deschamps\" srcset=\"http:\/\/corinne-deschamps.com\/blog\/wp-content\/uploads\/2019\/07\/DSC02666.jpg 3130w, http:\/\/corinne-deschamps.com\/blog\/wp-content\/uploads\/2019\/07\/DSC02666-300x248.jpg 300w, http:\/\/corinne-deschamps.com\/blog\/wp-content\/uploads\/2019\/07\/DSC02666-768x636.jpg 768w, http:\/\/corinne-deschamps.com\/blog\/wp-content\/uploads\/2019\/07\/DSC02666-1024x848.jpg 1024w\" sizes=\"(max-width: 300px) 100vw, 300px\" \/><\/p>\n\n\n\n<p>Malgr\u00e9 le manque de sommeil, j\u2019ai \u00e0 peine bataill\u00e9 avec mon mental pour rejoindre le groupe&nbsp;! Les battements de mon c\u0153ur s\u2019acc\u00e9l\u00e8rent quand je fais un effort mais tout va super bien. M\u00eame mon \u00e9tat naus\u00e9eux a disparu. Si seulement je pouvais dormir, \u00e7a serait le top! <\/p>\n\n\n\n<p>Le \u00ab&nbsp;jus&nbsp;\u00bb du matin est devenu un vrai rituel. Les yeux\nriv\u00e9s sur la rang\u00e9e de verres, c\u2019est concentration totale et revendication si\nun verre n\u2019est pas \u00e0 niveau. \u00c7a ne rigole pas et se compte en\nmillim\u00e8tres&nbsp;pour le seul jus de la journ\u00e9e \u00e0 m\u00e2cher. Svp&nbsp;!<\/p>\n\n\n\n<p>Alexandra ne va pas bien. Quelques soucis de sant\u00e9 qui n\u2019ont rien \u00e0 voir avec la cure. Apr\u00e8s consultation avec le m\u00e9decin, elle d\u00e9cide de partir dans la matin\u00e9e. On ne se connait pas, mais malgr\u00e9 tout, \u00e7a fait quelque chose de la voir partir\u2026..<\/p>\n\n\n\n<div class=\"wp-block-media-text alignwide\" style=\"grid-template-columns:40% auto\"><figure class=\"wp-block-media-text__media\"><img loading=\"lazy\" decoding=\"async\" width=\"1024\" height=\"824\" src=\"http:\/\/corinne-deschamps.com\/blog\/wp-content\/uploads\/2019\/07\/DSC02668-1024x824.jpg\" alt=\"\" class=\"wp-image-689\" srcset=\"http:\/\/corinne-deschamps.com\/blog\/wp-content\/uploads\/2019\/07\/DSC02668-1024x824.jpg 1024w, http:\/\/corinne-deschamps.com\/blog\/wp-content\/uploads\/2019\/07\/DSC02668-300x241.jpg 300w, http:\/\/corinne-deschamps.com\/blog\/wp-content\/uploads\/2019\/07\/DSC02668-768x618.jpg 768w\" sizes=\"(max-width: 1024px) 100vw, 1024px\" \/><\/figure><div class=\"wp-block-media-text__content\">\n<p style=\"font-size:17px\"> D\u00e9part pour une nouvelle marche de quelques kms cette fois sur le sentier de Lou Finot&#8230; <img loading=\"lazy\" decoding=\"async\" width=\"400\" height=\"325\" class=\"wp-image-690\" style=\"width: 400px;\" src=\"http:\/\/corinne-deschamps.com\/blog\/wp-content\/uploads\/2019\/07\/DSC02672.jpg\" alt=\"\" srcset=\"http:\/\/corinne-deschamps.com\/blog\/wp-content\/uploads\/2019\/07\/DSC02672.jpg 2604w, http:\/\/corinne-deschamps.com\/blog\/wp-content\/uploads\/2019\/07\/DSC02672-300x244.jpg 300w, http:\/\/corinne-deschamps.com\/blog\/wp-content\/uploads\/2019\/07\/DSC02672-768x624.jpg 768w, http:\/\/corinne-deschamps.com\/blog\/wp-content\/uploads\/2019\/07\/DSC02672-1024x832.jpg 1024w\" sizes=\"(max-width: 400px) 100vw, 400px\" \/><\/p>\n<\/div><\/div>\n\n\n\n<p>  Suivie de la visite du village Saint Antonin Noble Val.  Plus touristique et plus peupl\u00e9 que le dernier, on d\u00e9ambule dans les ruelles, on a l\u2019apparence d\u2019un groupe de touristes normal, tous les effets difficiles de la cure sont derri\u00e8re nous.<\/p>\n\n\n\n<p style=\"text-align:center\"> <img loading=\"lazy\" decoding=\"async\" width=\"200\" height=\"159\" class=\"wp-image-697\" style=\"width: 200px;\" src=\"http:\/\/corinne-deschamps.com\/blog\/wp-content\/uploads\/2019\/07\/DSC02679.jpg\" alt=\"cure de je\u00fbne les Crocodiles Jaunes, r\u00e9cit Blog Corinne Deschamps\" srcset=\"http:\/\/corinne-deschamps.com\/blog\/wp-content\/uploads\/2019\/07\/DSC02679.jpg 1928w, http:\/\/corinne-deschamps.com\/blog\/wp-content\/uploads\/2019\/07\/DSC02679-300x238.jpg 300w, http:\/\/corinne-deschamps.com\/blog\/wp-content\/uploads\/2019\/07\/DSC02679-768x609.jpg 768w, http:\/\/corinne-deschamps.com\/blog\/wp-content\/uploads\/2019\/07\/DSC02679-1024x812.jpg 1024w\" sizes=\"(max-width: 200px) 100vw, 200px\" \/> <img loading=\"lazy\" decoding=\"async\" width=\"300\" height=\"194\" class=\"wp-image-698\" style=\"width: 300px;\" src=\"http:\/\/corinne-deschamps.com\/blog\/wp-content\/uploads\/2019\/07\/DSC02680.jpg\" alt=\"cure de je\u00fbne les Crocodiles Jaunes, r\u00e9cit Blog Corinne Deschamps\" srcset=\"http:\/\/corinne-deschamps.com\/blog\/wp-content\/uploads\/2019\/07\/DSC02680.jpg 3438w, http:\/\/corinne-deschamps.com\/blog\/wp-content\/uploads\/2019\/07\/DSC02680-300x194.jpg 300w, http:\/\/corinne-deschamps.com\/blog\/wp-content\/uploads\/2019\/07\/DSC02680-768x496.jpg 768w, http:\/\/corinne-deschamps.com\/blog\/wp-content\/uploads\/2019\/07\/DSC02680-1024x661.jpg 1024w\" sizes=\"(max-width: 300px) 100vw, 300px\" \/><\/p>\n\n\n\n<p style=\"text-align:center\"><img loading=\"lazy\" decoding=\"async\" width=\"350\" height=\"215\" class=\"wp-image-703\" style=\"width: 350px;\" src=\"http:\/\/corinne-deschamps.com\/blog\/wp-content\/uploads\/2019\/07\/DSC02707.jpg\" alt=\"cure de je\u00fbne les Crocodiles Jaunes, r\u00e9cit Blog Corinne Deschamps\" srcset=\"http:\/\/corinne-deschamps.com\/blog\/wp-content\/uploads\/2019\/07\/DSC02707.jpg 3415w, http:\/\/corinne-deschamps.com\/blog\/wp-content\/uploads\/2019\/07\/DSC02707-300x184.jpg 300w, http:\/\/corinne-deschamps.com\/blog\/wp-content\/uploads\/2019\/07\/DSC02707-768x471.jpg 768w, http:\/\/corinne-deschamps.com\/blog\/wp-content\/uploads\/2019\/07\/DSC02707-1024x628.jpg 1024w, http:\/\/corinne-deschamps.com\/blog\/wp-content\/uploads\/2019\/07\/DSC02707-825x510.jpg 825w\" sizes=\"(max-width: 350px) 100vw, 350px\" \/> <img loading=\"lazy\" decoding=\"async\" width=\"300\" height=\"221\" class=\"wp-image-699\" style=\"width: 300px;\" src=\"http:\/\/corinne-deschamps.com\/blog\/wp-content\/uploads\/2019\/07\/DSC02695.jpg\" alt=\"cure de je\u00fbne les Crocodiles Jaunes, r\u00e9cit Blog Corinne Deschamps\" srcset=\"http:\/\/corinne-deschamps.com\/blog\/wp-content\/uploads\/2019\/07\/DSC02695.jpg 3515w, http:\/\/corinne-deschamps.com\/blog\/wp-content\/uploads\/2019\/07\/DSC02695-300x221.jpg 300w, http:\/\/corinne-deschamps.com\/blog\/wp-content\/uploads\/2019\/07\/DSC02695-768x566.jpg 768w, http:\/\/corinne-deschamps.com\/blog\/wp-content\/uploads\/2019\/07\/DSC02695-1024x755.jpg 1024w\" sizes=\"(max-width: 300px) 100vw, 300px\" \/> <\/p>\n\n\n\n<p style=\"text-align:center\"><img loading=\"lazy\" decoding=\"async\" width=\"200\" height=\"256\" class=\"wp-image-701\" style=\"width: 200px;\" src=\"http:\/\/corinne-deschamps.com\/blog\/wp-content\/uploads\/2019\/07\/DSC02703.jpg\" alt=\"cure de je\u00fbne les Crocodiles Jaunes, r\u00e9cit Blog Corinne Deschamps\" srcset=\"http:\/\/corinne-deschamps.com\/blog\/wp-content\/uploads\/2019\/07\/DSC02703.jpg 2022w, http:\/\/corinne-deschamps.com\/blog\/wp-content\/uploads\/2019\/07\/DSC02703-234x300.jpg 234w, http:\/\/corinne-deschamps.com\/blog\/wp-content\/uploads\/2019\/07\/DSC02703-768x984.jpg 768w, http:\/\/corinne-deschamps.com\/blog\/wp-content\/uploads\/2019\/07\/DSC02703-799x1024.jpg 799w\" sizes=\"(max-width: 200px) 100vw, 200px\" \/> <img loading=\"lazy\" decoding=\"async\" width=\"250\" height=\"180\" class=\"wp-image-702\" style=\"width: 250px;\" src=\"http:\/\/corinne-deschamps.com\/blog\/wp-content\/uploads\/2019\/07\/DSC02704.jpg\" alt=\"cure de je\u00fbne les Crocodiles Jaunes, r\u00e9cit Blog Corinne Deschamps\" srcset=\"http:\/\/corinne-deschamps.com\/blog\/wp-content\/uploads\/2019\/07\/DSC02704.jpg 3526w, http:\/\/corinne-deschamps.com\/blog\/wp-content\/uploads\/2019\/07\/DSC02704-300x216.jpg 300w, http:\/\/corinne-deschamps.com\/blog\/wp-content\/uploads\/2019\/07\/DSC02704-768x552.jpg 768w, http:\/\/corinne-deschamps.com\/blog\/wp-content\/uploads\/2019\/07\/DSC02704-1024x736.jpg 1024w\" sizes=\"(max-width: 250px) 100vw, 250px\" \/> <img loading=\"lazy\" decoding=\"async\" width=\"200\" height=\"143\" class=\"wp-image-704\" style=\"width: 200px;\" src=\"http:\/\/corinne-deschamps.com\/blog\/wp-content\/uploads\/2019\/07\/DSC02708.jpg\" alt=\"cure de je\u00fbne les Crocodiles Jaunes, r\u00e9cit Blog Corinne Deschamps\" srcset=\"http:\/\/corinne-deschamps.com\/blog\/wp-content\/uploads\/2019\/07\/DSC02708.jpg 3619w, http:\/\/corinne-deschamps.com\/blog\/wp-content\/uploads\/2019\/07\/DSC02708-300x215.jpg 300w, http:\/\/corinne-deschamps.com\/blog\/wp-content\/uploads\/2019\/07\/DSC02708-768x550.jpg 768w, http:\/\/corinne-deschamps.com\/blog\/wp-content\/uploads\/2019\/07\/DSC02708-1024x733.jpg 1024w\" sizes=\"(max-width: 200px) 100vw, 200px\" \/><\/p>\n\n\n\n<p style=\"text-align:center\"><img loading=\"lazy\" decoding=\"async\" width=\"250\" height=\"155\" class=\"wp-image-706\" style=\"width: 250px;\" src=\"http:\/\/corinne-deschamps.com\/blog\/wp-content\/uploads\/2019\/07\/DSC02698.jpg\" alt=\"cure de je\u00fbne les Crocodiles Jaunes, r\u00e9cit Blog Corinne Deschamps\" srcset=\"http:\/\/corinne-deschamps.com\/blog\/wp-content\/uploads\/2019\/07\/DSC02698.jpg 3511w, http:\/\/corinne-deschamps.com\/blog\/wp-content\/uploads\/2019\/07\/DSC02698-300x186.jpg 300w, http:\/\/corinne-deschamps.com\/blog\/wp-content\/uploads\/2019\/07\/DSC02698-768x475.jpg 768w, http:\/\/corinne-deschamps.com\/blog\/wp-content\/uploads\/2019\/07\/DSC02698-1024x633.jpg 1024w, http:\/\/corinne-deschamps.com\/blog\/wp-content\/uploads\/2019\/07\/DSC02698-825x510.jpg 825w\" sizes=\"(max-width: 250px) 100vw, 250px\" \/>       <img loading=\"lazy\" decoding=\"async\" width=\"300\" height=\"213\" class=\"wp-image-700\" style=\"width: 300px;\" src=\"http:\/\/corinne-deschamps.com\/blog\/wp-content\/uploads\/2019\/07\/DSC02702.jpg\" alt=\"cure de je\u00fbne les Crocodiles Jaunes, r\u00e9cit Blog Corinne Deschamps\" srcset=\"http:\/\/corinne-deschamps.com\/blog\/wp-content\/uploads\/2019\/07\/DSC02702.jpg 3214w, http:\/\/corinne-deschamps.com\/blog\/wp-content\/uploads\/2019\/07\/DSC02702-300x213.jpg 300w, http:\/\/corinne-deschamps.com\/blog\/wp-content\/uploads\/2019\/07\/DSC02702-768x546.jpg 768w, http:\/\/corinne-deschamps.com\/blog\/wp-content\/uploads\/2019\/07\/DSC02702-1024x727.jpg 1024w\" sizes=\"(max-width: 300px) 100vw, 300px\" \/>                  <\/p>\n\n\n\n<p>La seule diff\u00e9rence ce sont nos discussions qui tournent toujours autour de la nourriture&nbsp;! Je ne peux pas m\u2019emp\u00eacher de renifler les \u00e9tals de jambons fum\u00e9s et saucissons\u2026 quel bonheur&nbsp;! \u2026. Et me laisse tenter pour une savoureuse (pour les yeux et les narines) tome de ch\u00e8vre que je ne pourrais gouter que dans 15 jours&nbsp;! <\/p>\n\n\n\n<p style=\"text-align:left\">Cet apr\u00e8s-midi, c\u2019est un atelier dessin et nature qui nous est propos\u00e9. <\/p>\n\n\n\n<p style=\"text-align:center\"><img loading=\"lazy\" decoding=\"async\" width=\"300\" height=\"199\" class=\"wp-image-707\" style=\"width: 300px;\" src=\"http:\/\/corinne-deschamps.com\/blog\/wp-content\/uploads\/2019\/07\/DSC02713.jpg\" alt=\"cure de je\u00fbne les Crocodiles Jaunes, r\u00e9cit Blog Corinne Deschamps\" srcset=\"http:\/\/corinne-deschamps.com\/blog\/wp-content\/uploads\/2019\/07\/DSC02713.jpg 3434w, http:\/\/corinne-deschamps.com\/blog\/wp-content\/uploads\/2019\/07\/DSC02713-300x199.jpg 300w, http:\/\/corinne-deschamps.com\/blog\/wp-content\/uploads\/2019\/07\/DSC02713-768x510.jpg 768w, http:\/\/corinne-deschamps.com\/blog\/wp-content\/uploads\/2019\/07\/DSC02713-1024x680.jpg 1024w\" sizes=\"(max-width: 300px) 100vw, 300px\" \/>     <\/p>\n\n\n\n<p>Perso, je n\u2019ai qu\u2019une envie&nbsp;: dormir. Trop de nuits sans sommeil, \u00e0 regarder les heures passer\u2026 pour moi, ce sera repos au bord de la piscine\u2026. Je l\u00e2che le groupe pour une rencontre avec moi-m\u00eame. En esp\u00e9rant dormir. Mais rien n\u2019y fait. <\/p>\n\n\n\n<p>Alors je me r\u00e9fugie dans mon petit coin chambre\u2026. Idem. J\u2019attends les yeux grands ouverts\u2026. Cette fatigue me d\u00e9sesp\u00e8re&nbsp;! Quand Bruno vient me proposer pour la derni\u00e8re nuit de prendre la chambre d\u2019Alexandra qui a quitt\u00e9 le groupe ce matin, c\u2019est comme s&#8217;il me montrait une oasis dans le d\u00e9sert&nbsp;! Une chambre seule avec un grand lit\u2026. Je vais pouvoir faire l\u2019\u00e9toile, la fen\u00eatre grande ouverte sur le ciel\u2026. Cette perspective me redonne une \u00e9nergie nouvelle, je descends avec le groupe pour notre traditionnel bouillon. Mais ce soir n\u2019est pas comme les autres soirs. C\u2019est le dernier bouillon de la cure. Demain\u2026. Nous mangeons&nbsp;!! tout le monde en parle. Que va-t-on manger&nbsp;? 3 graines&nbsp;? Une compote&nbsp;? Quand Bruno nous annonce le menu, personne n\u2019en revient&nbsp;! On entend m\u00eame des \u00ab&nbsp;mais c\u2019est beaucoup trop&nbsp;!&nbsp;\u00bb La soir\u00e9e passe dans la m\u00eame bonne humeur et un peu d\u2019\u00e9motion aussi. La s\u00e9ance de sophrologie est un vrai r\u00e9gal, puis un dernier documentaire sur le cholest\u00e9rol.<\/p>\n\n\n\n<figure class=\"wp-block-embed-youtube wp-block-embed is-type-video is-provider-youtube wp-embed-aspect-16-9 wp-has-aspect-ratio\"><div class=\"wp-block-embed__wrapper\">\nhttps:\/\/www.youtube.com\/watch?v=f-OFbV6NQ7I\n<\/div><\/figure>\n\n\n\n<p>Puis je fonce vers ma chambre. Ma grande chambre pour moi toute seule. Bonjour Morph\u00e9e&nbsp;! <\/p>\n","protected":false},"excerpt":{"rendered":"<p>7h30&nbsp;\u2026. Les nuits se suivent et\u2026. se ressemblent\u2026. Celle-ci comme les autres aura \u00e9t\u00e9 \u00e9pouvantable. Je n\u2019ai encore pas ferm\u00e9 l\u2019\u0153il de la nuit!<\/p>\n","protected":false},"author":1,"featured_media":630,"comment_status":"open","ping_status":"open","sticky":false,"template":"","format":"standard","meta":{"footnotes":""},"categories":[4,47],"tags":[],"class_list":["post-687","post","type-post","status-publish","format-standard","has-post-thumbnail","hentry","category-infos-sante-bien-etre","category-mes-experiences"],"aioseo_notices":[],"_links":{"self":[{"href":"http:\/\/corinne-deschamps.com\/blog\/wp-json\/wp\/v2\/posts\/687"}],"collection":[{"href":"http:\/\/corinne-deschamps.com\/blog\/wp-json\/wp\/v2\/posts"}],"about":[{"href":"http:\/\/corinne-deschamps.com\/blog\/wp-json\/wp\/v2\/types\/post"}],"author":[{"embeddable":true,"href":"http:\/\/corinne-deschamps.com\/blog\/wp-json\/wp\/v2\/users\/1"}],"replies":[{"embeddable":true,"href":"http:\/\/corinne-deschamps.com\/blog\/wp-json\/wp\/v2\/comments?post=687"}],"version-history":[{"count":9,"href":"http:\/\/corinne-deschamps.com\/blog\/wp-json\/wp\/v2\/posts\/687\/revisions"}],"predecessor-version":[{"id":745,"href":"http:\/\/corinne-deschamps.com\/blog\/wp-json\/wp\/v2\/posts\/687\/revisions\/745"}],"wp:featuredmedia":[{"embeddable":true,"href":"http:\/\/corinne-deschamps.com\/blog\/wp-json\/wp\/v2\/media\/630"}],"wp:attachment":[{"href":"http:\/\/corinne-deschamps.com\/blog\/wp-json\/wp\/v2\/media?parent=687"}],"wp:term":[{"taxonomy":"category","embeddable":true,"href":"http:\/\/corinne-deschamps.com\/blog\/wp-json\/wp\/v2\/categories?post=687"},{"taxonomy":"post_tag","embeddable":true,"href":"http:\/\/corinne-deschamps.com\/blog\/wp-json\/wp\/v2\/tags?post=687"}],"curies":[{"name":"wp","href":"https:\/\/api.w.org\/{rel}","templated":true}]}}