{"id":433,"date":"2018-07-02T17:36:23","date_gmt":"2018-07-02T16:36:23","guid":{"rendered":"http:\/\/corinne-deschamps.com\/blog\/?p=433"},"modified":"2020-02-14T11:17:11","modified_gmt":"2020-02-14T10:17:11","slug":"retraite-de-silence-a-senanque-la-vraie-vie-ou-la-fausse-vie-partie-6-6-et-fin","status":"publish","type":"post","link":"http:\/\/corinne-deschamps.com\/blog\/retraite-de-silence-a-senanque-la-vraie-vie-ou-la-fausse-vie-partie-6-6-et-fin\/","title":{"rendered":"Retraite de silence \u00e0 S\u00e9nanque&#8230; La vraie Vie ou la fausse Vie&#8230;. Partie 6\/6 et fin."},"content":{"rendered":"<p>\u2026. Je me r\u00e9veille au matin, secou\u00e9e par deux r\u00eaves persistants. Je suis boulevers\u00e9e. Scotch\u00e9e \u00e0 mon lit, je revois ces deux r\u00eaves, comme une r\u00e9v\u00e9lation.<!--more--> J\u2019encaisse, j\u2019accepte\u2026. Je fais les liens avec ce que je vis, ce que je suis, ce que je crois \u00eatre.<\/p>\n<p>Je boucle ma valise comme une automate. Toutes mes pens\u00e9es sont absorb\u00e9es par cette apparition nocturne.<\/p>\n<p>Je me retrouve devant ma voiture dans la m\u00eame torpeur. Une derni\u00e8re photo, S\u00e9nanque est si impressionnante au matin.<\/p>\n<p>Je m\u2019installe au volant\u2026. Les cloches sonnent, je tends l\u2019oreille \u2026.. les moines entonnent leur premier chant. Une \u00e9motion intense me monte au c\u0153ur, je l\u00e8ve les yeux, mon pare-brise ruisselle des gouttes de ros\u00e9e qui tracent des sillons sur la bu\u00e9e de la nuit\u2026. Nous sommes deux \u00e0 pleurer, alors\u00a0? Je souris\u2026. Et je me laisser pleurer.<\/p>\n<p>Je suis venue ici pour connecter la Vraie Joie, l\u2019\u00e9tincelle permanente, je repars, avec un point essentiel \u00e0 travailler. Celui qui me m\u00e9nera assur\u00e9ment \u00e0 cette Joie int\u00e9rieure \u00e9ternelle.<\/p>\n<p>\u2026. Je tourne la cl\u00e9, je sais que dans quelques minutes le r\u00e9seau retrouv\u00e9, mon t\u00e9l\u00e9phone sonnera de tous ces messages bloqu\u00e9s \u00e0 l\u2019entr\u00e9e de S\u00e9nanque. Je coupe la sonnerie. Je ne vais pas pouvoir entrer si violemment dans la vraie Vie\u2026 ou la fausse Vie\u2026.<\/p>\n<p>&nbsp;<\/p>\n","protected":false},"excerpt":{"rendered":"<p>\u2026. Je me r\u00e9veille au matin, secou\u00e9e par deux r\u00eaves persistants. Je suis boulevers\u00e9e. Scotch\u00e9e \u00e0 mon lit, je revois ces deux r\u00eaves, comme&#8230;<\/p>\n","protected":false},"author":1,"featured_media":434,"comment_status":"open","ping_status":"open","sticky":false,"template":"","format":"standard","meta":{"footnotes":""},"categories":[47],"tags":[],"class_list":["post-433","post","type-post","status-publish","format-standard","has-post-thumbnail","hentry","category-mes-experiences"],"aioseo_notices":[],"_links":{"self":[{"href":"http:\/\/corinne-deschamps.com\/blog\/wp-json\/wp\/v2\/posts\/433"}],"collection":[{"href":"http:\/\/corinne-deschamps.com\/blog\/wp-json\/wp\/v2\/posts"}],"about":[{"href":"http:\/\/corinne-deschamps.com\/blog\/wp-json\/wp\/v2\/types\/post"}],"author":[{"embeddable":true,"href":"http:\/\/corinne-deschamps.com\/blog\/wp-json\/wp\/v2\/users\/1"}],"replies":[{"embeddable":true,"href":"http:\/\/corinne-deschamps.com\/blog\/wp-json\/wp\/v2\/comments?post=433"}],"version-history":[{"count":1,"href":"http:\/\/corinne-deschamps.com\/blog\/wp-json\/wp\/v2\/posts\/433\/revisions"}],"predecessor-version":[{"id":435,"href":"http:\/\/corinne-deschamps.com\/blog\/wp-json\/wp\/v2\/posts\/433\/revisions\/435"}],"wp:featuredmedia":[{"embeddable":true,"href":"http:\/\/corinne-deschamps.com\/blog\/wp-json\/wp\/v2\/media\/434"}],"wp:attachment":[{"href":"http:\/\/corinne-deschamps.com\/blog\/wp-json\/wp\/v2\/media?parent=433"}],"wp:term":[{"taxonomy":"category","embeddable":true,"href":"http:\/\/corinne-deschamps.com\/blog\/wp-json\/wp\/v2\/categories?post=433"},{"taxonomy":"post_tag","embeddable":true,"href":"http:\/\/corinne-deschamps.com\/blog\/wp-json\/wp\/v2\/tags?post=433"}],"curies":[{"name":"wp","href":"https:\/\/api.w.org\/{rel}","templated":true}]}}