{"id":412,"date":"2018-07-02T14:18:21","date_gmt":"2018-07-02T13:18:21","guid":{"rendered":"http:\/\/corinne-deschamps.com\/blog\/?p=412"},"modified":"2020-02-14T11:03:20","modified_gmt":"2020-02-14T10:03:20","slug":"retraite-de-silence-a-senanque-la-vraie-vie-ou-la-fausse-vie-partie-2-6","status":"publish","type":"post","link":"http:\/\/corinne-deschamps.com\/blog\/retraite-de-silence-a-senanque-la-vraie-vie-ou-la-fausse-vie-partie-2-6\/","title":{"rendered":"Retraite de silence \u00e0 S\u00e9nanque&#8230; La vraie vie ou la fausse vie&#8230;. Partie 2\/6"},"content":{"rendered":"<p>Jour 1 Vraiment\u2026..<\/p>\n<p>J\u2019ouvre un \u0153il\u2026 puis l\u2019autre\u2026. Mon dos est fractur\u00e9 de toutes parts\u00a0! je ne suis qu\u2019une douleur de haut en bas. Un camion m\u2019a roul\u00e9 dessus\u2026. Plusieurs fois dans la nuit. Il faut que je bouge. On doit pr\u00e9venir la veille si on ne souhaite pas participer \u00e0 un des repas. Je n\u2019ai pas vraiment faim mais je dois quand m\u00eame me pr\u00e9senter pour le d\u00e9jeuner. J\u2019ai dormi\u2026 Enfin\u2026 je me suis enfonc\u00e9e dans une nuit perturb\u00e9e de cauchemars en tous genres\u2026 incompr\u00e9hensibles comme \u00e0 chaque fois, indescriptibles et tellement nombreux\u00a0\u00e0 cause de mes r\u00e9veils incessants et comateux, qui me replongeaient imm\u00e9diatement dans un autre univers aussi burlesque ou terrifiant que le pr\u00e9c\u00e9dent. Il faudrait quand m\u00eame qu\u2019un jour je fasse une formation de d\u00e9codage de r\u00eave\u00a0!<\/p>\n<p>Bref\u2026 J\u2019ouvre les yeux. Il faut que je m\u2019active\u00a0! Je regarde l\u2019heure\u2026 non\u00a0!!!!! 8h30\u00a0! j\u2019ai simplement loup\u00e9 le petit d\u00e9jeuner, mais le d\u00e9jeuner est encore loin. Tellement l\u2019impression d\u2019avoir fait le tour du cadran\u00a0!<\/p>\n<p>Cette nuit, j\u2019ai entendu l\u2019appel des Vigiles, mais je n\u2019ai pas boug\u00e9\u00a0! Je ferais bien une petite blague sur les gars qui nous fouillent \u00e0 la sortie des grands magasins\u2026 Mais bon\u2026 \u00e7a ne ferait rire que moi\u2026\u00a0 Non, donc\u2026. Les Vigiles\u2026 La cloche de l\u2019abbaye a retenti dans ce silence absolu \u00e0 4h15. Je l\u2019ai bien entendue\u2026 C\u2019est l\u00e0 aussi que j\u2019ai constat\u00e9 que mon corps entier \u00e9tait en bouillie. Le matelas, arri\u00e8re arri\u00e8re arri\u00e8re grand p\u00e8re du m\u00e9moire de forme est bomb\u00e9 au centre. Ce qui fait qu\u2019il est impossible d\u2019utiliser la totalit\u00e9 de sa largeur. De 90cms, sa surface de couchage se r\u00e9duit facilement \u00e0 un g\u00e9n\u00e9reux 50cms. Dormir sur le dos et ne pas bouger. Ou se placer sur le cot\u00e9 droit ou gauche\u2026 Rester en tension pour ne pas rouler hors du lit.<\/p>\n<p>Dans mon combat de nuit avec arri\u00e8re arri\u00e8re grand p\u00e8re Simmons, je me suis r\u00e9veill\u00e9e sur le ventre, agripp\u00e9e \u00e0 lui de chaque c\u00f4t\u00e9, les cervicales vrill\u00e9es sur la gauche\u2026.. Aie aie aie\u2026. Je ne me souviens plus comment je suis sortie de cette position. Douleurs\u2026 Mais est-ce vraiment le matelas le grand responsable de tout \u00e7a\u00a0?<\/p>\n<p>4h30\u2026 Les Vigiles m\u2019attendront. Je reste avec p\u00e9p\u00e9 Simmons\u2026 on va essayer de n\u00e9gocier quelques heures de vrai sommeil.<\/p>\n<p>\u2026.<a href=\"http:\/\/corinne-deschamps.com\/blog\/wp-content\/uploads\/2018\/07\/SENANQUE-MOI-DEVANT-LA-FENETRE.jpg\"><img loading=\"lazy\" decoding=\"async\" class=\"size-medium wp-image-406 alignleft\" src=\"http:\/\/corinne-deschamps.com\/blog\/wp-content\/uploads\/2018\/07\/SENANQUE-MOI-DEVANT-LA-FENETRE-168x300.jpg\" alt=\"\" width=\"168\" height=\"300\" srcset=\"http:\/\/corinne-deschamps.com\/blog\/wp-content\/uploads\/2018\/07\/SENANQUE-MOI-DEVANT-LA-FENETRE-168x300.jpg 168w, http:\/\/corinne-deschamps.com\/blog\/wp-content\/uploads\/2018\/07\/SENANQUE-MOI-DEVANT-LA-FENETRE-768x1368.jpg 768w, http:\/\/corinne-deschamps.com\/blog\/wp-content\/uploads\/2018\/07\/SENANQUE-MOI-DEVANT-LA-FENETRE-575x1024.jpg 575w, http:\/\/corinne-deschamps.com\/blog\/wp-content\/uploads\/2018\/07\/SENANQUE-MOI-DEVANT-LA-FENETRE.jpg 916w\" sizes=\"(max-width: 168px) 100vw, 168px\" \/><\/a><a href=\"http:\/\/corinne-deschamps.com\/blog\/wp-content\/uploads\/2018\/07\/SENANQUE-LA-VUE-DE-MA-CHAMBRE-.jpg\"><img loading=\"lazy\" decoding=\"async\" class=\"wp-image-398 alignright\" src=\"http:\/\/corinne-deschamps.com\/blog\/wp-content\/uploads\/2018\/07\/SENANQUE-LA-VUE-DE-MA-CHAMBRE--168x300.jpg\" alt=\"\" width=\"165\" height=\"294\" srcset=\"http:\/\/corinne-deschamps.com\/blog\/wp-content\/uploads\/2018\/07\/SENANQUE-LA-VUE-DE-MA-CHAMBRE--168x300.jpg 168w, http:\/\/corinne-deschamps.com\/blog\/wp-content\/uploads\/2018\/07\/SENANQUE-LA-VUE-DE-MA-CHAMBRE--768x1368.jpg 768w, http:\/\/corinne-deschamps.com\/blog\/wp-content\/uploads\/2018\/07\/SENANQUE-LA-VUE-DE-MA-CHAMBRE--575x1024.jpg 575w, http:\/\/corinne-deschamps.com\/blog\/wp-content\/uploads\/2018\/07\/SENANQUE-LA-VUE-DE-MA-CHAMBRE-.jpg 916w\" sizes=\"(max-width: 165px) 100vw, 165px\" \/><\/a><\/p>\n<p>Ma chambre \u00e0 l\u2019est est baign\u00e9e de soleil. Tiens, le mur devant la fen\u00eatre a recul\u00e9 et rapetiss\u00e9. Je l\u00e8ve la t\u00eate\u2026 Du vert \u00e0 perte de vue. Nous sommes dans le creux de la vall\u00e9e. Les sapins, les ch\u00eanes et leurs amis arbrisseaux et buissons me saluent. Immobiles et sereins \u2026 Ils sont.<\/p>\n<p>&nbsp;<\/p>\n<p>Les oiseaux jouent les animateurs radio. 1 seule station en continue.<\/p>\n<p>&nbsp;<\/p>\n<p>&nbsp;<\/p>\n<p>&nbsp;<\/p>\n<p>Les voitures, la prof qui hurle \u00ab\u00a0chut\u00a0\u00bb toutes les 2 minutes dans sa classe fen\u00eatres ouvertes de l\u2019\u00e9cole en face, les gars du chantier, les meuleuses, les marteaux piqueurs, la clim de la voisine \u00e0 cot\u00e9, les raclements de gorge du voisin\u00a0en dessous\u2026 ont disparu. Les cloches, les oiseaux et \u00e0 cette heure un promeneur qui passe en silence. That\u2019s all.<\/p>\n<p>Je vais aller marcher\u2026 Seul livre emport\u00e9 avec moi\u00a0: les fleurs de Bach m\u2019attendent.<\/p>\n<p>&nbsp;<\/p>\n<p>11h50, en sueur, de retour d\u2019une longue marche, je me regarde dans le miroir\u00a0: je suis \u00e9carlate\u00a0! le soleil a tap\u00e9\u00a0!<\/p>\n<p>Je ne sais m\u00eame pas par o\u00f9 commencer\u00a0! si\u00a0! premi\u00e8re constatation, il n\u2019y a pas que mon visage qui soit en feu\u2026 mon mental aussi\u00a0! il n\u2019a cess\u00e9 de commenter la ballade\u00a0; de sauter de peur allant jusqu\u2019\u00e0 me stopper devant deux arbres un peu trop rapproch\u00e9s entre lesquels je devais passer\u00a0!<a href=\"http:\/\/corinne-deschamps.com\/blog\/wp-content\/uploads\/2018\/07\/SENANQUE-CHEMIN-ROCAILLE-.jpg\"><img loading=\"lazy\" decoding=\"async\" class=\"size-medium wp-image-394 alignright\" src=\"http:\/\/corinne-deschamps.com\/blog\/wp-content\/uploads\/2018\/07\/SENANQUE-CHEMIN-ROCAILLE--168x300.jpg\" alt=\"\" width=\"168\" height=\"300\" srcset=\"http:\/\/corinne-deschamps.com\/blog\/wp-content\/uploads\/2018\/07\/SENANQUE-CHEMIN-ROCAILLE--168x300.jpg 168w, http:\/\/corinne-deschamps.com\/blog\/wp-content\/uploads\/2018\/07\/SENANQUE-CHEMIN-ROCAILLE--768x1368.jpg 768w, http:\/\/corinne-deschamps.com\/blog\/wp-content\/uploads\/2018\/07\/SENANQUE-CHEMIN-ROCAILLE--575x1024.jpg 575w, http:\/\/corinne-deschamps.com\/blog\/wp-content\/uploads\/2018\/07\/SENANQUE-CHEMIN-ROCAILLE-.jpg 916w\" sizes=\"(max-width: 168px) 100vw, 168px\" \/><\/a><\/p>\n<p>D\u00e9part de la ballade, je retrouve mon vieux ch\u00eane trou\u00e9.\u00a0 Il est toujours l\u00e0, majestueux et vivant\u00a0! Le chemin est tapis dans l\u2019ombre, je me dis que c\u2019est plut\u00f4t chouette de commencer comme \u00e7a mais bizarrement, je ne me sens pas compl\u00e9tement sereine\u2026<\/p>\n<p>Sur radio S\u00e9nanque, se sont invit\u00e9s le vol des insectes, et le bruit du ruisseau. C\u2019est la premi\u00e8re fois que je l\u2019entends en cette saison. Est-ce les pluies diluviennes de ce dernier mois qui ont rempli son lit\u00a0? Ou est-ce moi\u2026 une autre \u00e9coute\u00a0? Il est puissant ce bruit d\u2019eau et rafraichissant aussi.<\/p>\n<p>De chaque c\u00f4t\u00e9, les petits animaux s\u2019enfuient en entendant mes pas\u2026<\/p>\n<p>J\u2019avance tranquillement et Grrrrrr\u00a0! je dois \u00eatre la premi\u00e8re aujourd\u2019hui \u00e0 emprunter ce chemin car sur mon passage, fils d\u2019araign\u00e9es s\u2019accrochent \u00e0 mes bras et \u00e0 mes jambes. Je d\u00e9.tes.te\u00a0!<\/p>\n<p>Le chemin devient caillouteux et le soleil fait son apparition. A part les gu\u00eapes, les bourdons, les araign\u00e9es, les petits l\u00e9zards et les papillons\u2026 Personne \u00e0 l\u2019horizon. M\u00eame pas un chien errant\u2026 Pas une trace d\u2019ours\u00a0! Tout \u00e7a, c\u2019est mon mental qui papote tout seul. Impossible de le calmer. Je le laisse faire, il commente la ballade. Et paf\u00a0! une toile d\u2019araign\u00e9e en plein visage. Quelle horreur\u00a0! je me d\u00e9bats, je tambourine mon visage\u2026. Et Mike Horn<a href=\"#_ftn1\" name=\"_ftnref1\"><strong>[1]<\/strong><\/a> fait son apparition\u00a0!\u00a0: \u00ab\u00a0en survie il faut toujours \u00eatre vigilant et avoir un coup d\u2019avance\u00a0\u00bb\u2026 Oui mais j\u2019ai oubli\u00e9 ma machette, moi\u00a0! Alors, \u00e0 chaque arbre, chaque buisson, j\u2019envoie le bras et sens sur ma peau se d\u00e9chirer les petits fils des toiles . \u00e7a me glace\u00a0! Bah dis donc\u00a0! c\u2019est pas demain que je ferai The Island\u00a0!<\/p>\n<p>J\u2019ai retrouv\u00e9 la ferme abandonn\u00e9e dans laquelle j\u2019ai souvent imagin\u00e9 habiter\u2026 Seule, loin de tout\u2026 Comme un ermite\u00a0! A cette \u00e9poque, je n\u2019appr\u00e9hendais pas la Vraie solitude. J\u2019apprends par le panneau fix\u00e9 l\u00e0 qu\u2019il s\u2019agit de la ferme Debrouss\u00e8de, <a href=\"http:\/\/corinne-deschamps.com\/blog\/wp-content\/uploads\/2018\/07\/SENANQUE-LA-FERME.jpg\"><img loading=\"lazy\" decoding=\"async\" class=\"size-medium wp-image-396 alignright\" src=\"http:\/\/corinne-deschamps.com\/blog\/wp-content\/uploads\/2018\/07\/SENANQUE-LA-FERME-300x168.jpg\" alt=\"\" width=\"300\" height=\"168\" srcset=\"http:\/\/corinne-deschamps.com\/blog\/wp-content\/uploads\/2018\/07\/SENANQUE-LA-FERME-300x168.jpg 300w, http:\/\/corinne-deschamps.com\/blog\/wp-content\/uploads\/2018\/07\/SENANQUE-LA-FERME-768x431.jpg 768w, http:\/\/corinne-deschamps.com\/blog\/wp-content\/uploads\/2018\/07\/SENANQUE-LA-FERME-1024x575.jpg 1024w, http:\/\/corinne-deschamps.com\/blog\/wp-content\/uploads\/2018\/07\/SENANQUE-LA-FERME.jpg 1632w\" sizes=\"(max-width: 300px) 100vw, 300px\" \/><\/a>et qu\u2019elle \u00e9tait la base des premiers maquisards en 43. Je ne l\u2019avais jamais vu ce panneau \u2026 Etait-il l\u00e0,\u00a0avant?<\/p>\n<p>La ferme m\u2019ouvre ses portes\u2026 c\u2019est la plus belle ruine que je connaisse\u00a0! pas de tag, pas de trace de regroupement autour d\u2019un feu avec son lot de d\u00e9tritus\u2026 pas de papier\u2026 pas m\u00eame un petit kleenex abandonn\u00e9 preuve d\u2019un passage pipi inopin\u00e9. Rien. La nature et la ruine. A l\u2019int\u00e9rieur, elle a \u00e9t\u00e9 nettoy\u00e9e. On ne peut plus acc\u00e9der \u00e0 l\u2019\u00e9tage, tout s\u2019est effondr\u00e9. Je me souviens qu\u2019elle fut un temps le rep\u00e8re de quelques noctambules. Mais l\u00e0, rien. Aucune trace d\u2019occupation intempestive.<\/p>\n<p>Je continue ma marche \u00e0 la recherche d\u2019un autre endroit que j\u2019affectionne tout particuli\u00e8rement. Une sorte d\u2019\u00e9glise \u00e0 ciel ouvert faite de grosses pierres pos\u00e9es l\u00e0 comme des dolmens. Pas trouv\u00e9e\u00a0! dommage\u2026. Mais j\u2019ai d\u00e9couvert autre chose. Au d\u00e9tour d\u2019un champ de lavande et de coquelicots\u00a0: le vide. Le vide devant moi, \u00e0 perte de vue et un tr\u00f4ne de pierre pour m\u2019y poser et admirer cette vue incroyable\u2026.. <a href=\"http:\/\/corinne-deschamps.com\/blog\/wp-content\/uploads\/2018\/07\/SEANQUE-LE-NEANT-.jpg\"><img loading=\"lazy\" decoding=\"async\" class=\"aligncenter size-medium wp-image-391\" src=\"http:\/\/corinne-deschamps.com\/blog\/wp-content\/uploads\/2018\/07\/SEANQUE-LE-NEANT--300x168.jpg\" alt=\"\" width=\"300\" height=\"168\" srcset=\"http:\/\/corinne-deschamps.com\/blog\/wp-content\/uploads\/2018\/07\/SEANQUE-LE-NEANT--300x168.jpg 300w, http:\/\/corinne-deschamps.com\/blog\/wp-content\/uploads\/2018\/07\/SEANQUE-LE-NEANT--768x431.jpg 768w, http:\/\/corinne-deschamps.com\/blog\/wp-content\/uploads\/2018\/07\/SEANQUE-LE-NEANT--1024x575.jpg 1024w, http:\/\/corinne-deschamps.com\/blog\/wp-content\/uploads\/2018\/07\/SEANQUE-LE-NEANT-.jpg 1632w\" sizes=\"(max-width: 300px) 100vw, 300px\" \/><\/a>Jusqu\u2019\u00e0 ce que mon t\u00e9l\u00e9phone vibre\u00a0! non\u00a0?! \u00e0 1 heure de l\u2019abbaye, au milieu de rien\u00a0: le r\u00e9seau\u00a0! la vie profane m\u2019a rattrap\u00e9e sur mon tr\u00f4ne naturel. J\u2019en profite imm\u00e9diatement pour changer ma messagerie\u2026 Et voil\u00e0\u2026 Je reprends ma m\u00e9ditation\u2026. Enfin\u2026 je tente de reprendre ma m\u00e9ditation\u00a0! si l\u2019autre l\u00e0, mon mental, pouvait bien cesser de me montrer en hurlant toutes ces fourmis g\u00e9antes qui s\u2019affairent autour de moi\u00a0! Il a gagn\u00e9\u00a0! une d\u2019entre elles est pass\u00e9e sous mon tee-shirt\u2026 je me l\u00e8ve d\u2019un bond.<\/p>\n<p>Bien\u2026 Ce n\u2019est pas encore ici que je vais ouvrir mon livre de Bach.<\/p>\n<p>Je prends la route du retour\u2026. Et je me perds\u00a0! Mike Horn refait son apparition\u00a0: \u00ab\u00a0en survie\u2026 quand tu pars en exp\u00e9dition dans la jungle, tu dois absolument marquer les arbres, car en quelques heures, la jungle change et tu peux vite tourner en rond\u2026\u00a0\u00bb. Ta gueule Mike\u00a0! je suis juste en ballade sur les sentiers de rando de S\u00e9nanque\u00a0! Pis de toute fa\u00e7on, j\u2019ai toujours pas de machette\u00a0!<\/p>\n<p>Et vlan\u00a0! celle-l\u00e0, je ne l\u2019ai pas vue venir\u2026 Enfin, si\u2026 au dernier moment quand l\u2019araign\u00e9e s\u2019est pos\u00e9e sur mes lunettes, ma t\u00eate dans sa toile. Mike\u2026. Si tu dis un seul mot, je t\u2019\u00e9tripe\u00a0! \u2026. Silence\u2026. C\u2019est bien la premi\u00e8re fois que je lui ferme sa bouche \u00e0 lui\u00a0!<\/p>\n<p>J\u2019ai retrouv\u00e9 ma route, je suis redescendue\u2026. J\u2019ai crois\u00e9 2 anglais en tongs qui ont vite rebrouss\u00e9 leur chemin quand je leur ai r\u00e9pondu qu\u2019ils en avaient au moins pour une demi-heure de marche avant de voir un truc. En pr\u00e9cisant quand m\u00eame que c\u2019\u00e9tait \u00ab\u00a0beautiiiiiiiiiiiiiiful l\u00e0-haut\u00a0!\u00a0\u00bb. Ah\u00a0! c\u2019est mon c\u00f4t\u00e9 taquin, \u00e7a\u00a0!<\/p>\n<p>\u2026 12h45\u2026 la cloche du Fr\u00e8re h\u00f4telier. C\u2019est le d\u00e9jeuner. Aller, celui-l\u00e0\u00a0, je ne vais pas le rater.<\/p>\n<p>Oh la vache\u00a0! je suis arriv\u00e9e tout juste dans le r\u00e9fectoire pour la fin de la pri\u00e8re du d\u00e9but de repas. Hop hop hop\u2026 Je m\u2019installe discr\u00e8tement. Nous sommes 18 \u00e0 d\u00e9jeuner en silence, en \u00e9coutant les p\u00e9rip\u00e9ties d\u2019un moine dans les ann\u00e9es 60. Int\u00e9ressant. Le fr\u00e8re h\u00f4telier ne me calcule pas. Il a surement peur que je lui demande encore de changer de chambre. Tu vas voir, toi\u00a0! sur TripAdvisor, je vais te d\u00e9foncer\u00a0! mdr\u00a0!<\/p>\n<p>La fin du repas se fait en musique et \u2026. dans une curieuse b\u00e9atitude j\u2019observe un magnifique papillon qui virevolte en mesure contre la vitre. C\u2019est dr\u00f4le d\u2019imaginer ce ballet rien que pour moi. Parfois, il disparait derri\u00e8re le rideau et laisse la vedette \u00e0 quelques mouches et une esp\u00e8ce de bestiole toute pataude qui se d\u00e9place en cadence. Puis le papillon r\u00e9apparait \u00e0 demi cach\u00e9 par le rideau, d\u00e9voilant une seule aile et ensuite s\u2019\u00e9lan\u00e7ant, virevoltant de plus belle\u2026. J\u2019ai oubli\u00e9 les autres pensionnaires\u2026 Je souris\u2026.<\/p>\n<p>D\u00e8s la fin de la pri\u00e8re, je fonce en cuisine au poste de lavage. Les autres s\u2019emparent des torchons, ou redressent les tables pour le soir. Tout cela se fait dans le plus grand silence\u2026.<\/p>\n<p>De retour dans ma chambre. J\u2019ouvre enfin mon livre des Fleurs. Je ne fais qu\u2019une bouch\u00e9e d\u2019Agrimony que je connais par c\u0153ur. Il faut que j\u2019avance. J\u2019aurais pu passer directement \u00e0 celles que je ne connais pas, mais c\u2019est curieux, quand je d\u00e9cide de travailler quelque chose, il faut que je commence ou recommence depuis le d\u00e9but. C\u2019est plus fort que moi. Chacun ses n\u00e9vroses\u00a0! \u00e7a pourrait \u00eatre pire\u00a0!<\/p>\n<p>14H20\u00a0; l\u2019\u00e9glise a sonn\u00e9 l\u2019appel des fid\u00e8les pour None. Je vais faire une petite sieste\u2026 ils ne me verront qu\u2019aux V\u00eapres.<\/p>\n<p>\u2026. J\u2019ai dor<a href=\"http:\/\/corinne-deschamps.com\/blog\/wp-content\/uploads\/2018\/07\/SENANQUE-MON-ARBRE-CREUX.jpg\"><img loading=\"lazy\" decoding=\"async\" class=\"size-medium wp-image-402 alignright\" src=\"http:\/\/corinne-deschamps.com\/blog\/wp-content\/uploads\/2018\/07\/SENANQUE-MON-ARBRE-CREUX-168x300.jpg\" alt=\"\" width=\"168\" height=\"300\" srcset=\"http:\/\/corinne-deschamps.com\/blog\/wp-content\/uploads\/2018\/07\/SENANQUE-MON-ARBRE-CREUX-168x300.jpg 168w, http:\/\/corinne-deschamps.com\/blog\/wp-content\/uploads\/2018\/07\/SENANQUE-MON-ARBRE-CREUX-768x1368.jpg 768w, http:\/\/corinne-deschamps.com\/blog\/wp-content\/uploads\/2018\/07\/SENANQUE-MON-ARBRE-CREUX-575x1024.jpg 575w, http:\/\/corinne-deschamps.com\/blog\/wp-content\/uploads\/2018\/07\/SENANQUE-MON-ARBRE-CREUX.jpg 916w\" sizes=\"(max-width: 168px) 100vw, 168px\" \/><\/a>mi 2 heures. Un vrai sommeil\u2026 tranquille\u2026 r\u00e9veill\u00e9e par les commentaires des passants sur le chemin de mon arbre creux. En fait c\u2019est une star mon arbre\u00a0! Photographi\u00e9 maintes et maintes fois par des gens de tous les pays\u00a0!<\/p>\n<p>Trop de bruits tous ces touristes d\u2019un coup. \u00c7a parle Italiens, Japonais, Russe\u2026.. Mon arbre creux\u00a0! une star internationale\u00a0! je n\u2019y avais jamais pens\u00e9.<\/p>\n<p>Je suis descendue \u00e0 la biblioth\u00e8que pour travailler mes fleurs. Je progresse lentement\u00a0! je n\u2019en ai vu que 3\u00a0! cela dit, je vais en tester une pour les cauchemars. J\u2019esp\u00e8re qu\u2019avec elle ma nuit sera plus calme que la pr\u00e9c\u00e9dente.<\/p>\n<p>Le fr\u00e8re h\u00f4telier a surgi dans la biblioth\u00e8que et a fonc\u00e9 vers moi. A mi-chemin, il s\u2019arr\u00eate net et s\u2019exclame\u00a0: \u00ab\u00a0c\u2019est vous la dame de la 35\u00a0!\u00a0\u00bb. \u00ab\u00a0oui\u00a0!\u00a0\u00bb avec un grand sourire\u00a0! il s\u2019est rapproch\u00e9 doucement, tranquillement comme s\u2019il visitait le lieu, sans ajouter un mot \u2026 Et mine de rien\u2026 Demi-tour pour disparaitre dans le couloir. Je ne saurais jamais ce qu\u2019il est venu faire dans la biblioth\u00e8que\u00a0! Mais je suis s\u00fbre que lorsqu\u2019il m\u2019a reconnue, il a pris peur que je lui demande de changer de chambre !<\/p>\n<p>Les v\u00eapres \u00e0 18h\u2026 le repas \u00e0 19h15 \u2026. Les Complies \u00e0 20h15\u2026 Petite ballade du soir en solitaire autour de l\u2019abbaye jusqu\u2019\u00e0 la tomb\u00e9e de la nuit et retour dans ma chambre. Ma vie s\u2019apaise rythm\u00e9e par \u2026 pas grand-chose\u2026 Pourrais-je vivre ainsi toute ma vie\u00a0? c\u2019est fou, quand j\u2019y pense\u2026 Moi je ne suis que de passage. Que quelques jours, qui me paraissent si longs\u00a0! Les moines, eux\u2026 vivent cette inlassable r\u00e9p\u00e9tition depuis tellement de temps\u2026.des heures, des jours, des ann\u00e9es, des saisons\u2026\u2026 des si\u00e8cles et des si\u00e8cles\u2026<\/p>\n<p>Je ne ressens toujours pas la s\u00e9r\u00e9nit\u00e9 et la Joie tant esp\u00e9r\u00e9es dans cette retraite. Sans doute trop t\u00f4t. Je me suis surprise \u00e0 tapoter les doigts sur ma cuisse pendant l\u2019office. Je sens cette nervosit\u00e9 en continue. Je ne sais pas si c\u2019est exactement de la nervosit\u00e9\u2026 Peut-\u00eatre de l\u2019agacement. Mais pourquoi\u00a0? Impatience, alors\u00a0? Je ne sais pas. Un m\u00e9lange des trois\u00a0?<\/p>\n<p>Je ne sais pas comment font ces gens qui sourient ne permanence avec la bouche et les yeux. Qui sourient tranquillement\u2026. Vraiment. Ces gens qui transpirent la bont\u00e9\u2026 La gentillesse\u2026 la douceur\u2026. Je ne sais pas\u00a0!<\/p>\n<p>Demain, 4h30 Vigiles. Alors\u00a0? j\u2019y vais ou pas\u00a0? Pour le coup\u2026 Dieu seul le sait\u00a0!<\/p>\n<p>En attendant le sommeil, je retourne \u00e0 mes fleurs de Bach&#8230;&#8230;.<\/p>\n<p>Suite de l&#8217;aventure dans la partie 3\/6&#8230;..<\/p>\n<p>&nbsp;<\/p>\n<p><a href=\"#_ftnref1\" name=\"_ftn1\">[1]<\/a> Mike Horn est une explorateur aventurier qui anime l&#8217;\u00e9mission <em>\u00a0The Island <\/em>o\u00f9 il apprend aux participants \u00e0 survivre en milieu hostile<\/p>\n","protected":false},"excerpt":{"rendered":"<p>Jour 1 Vraiment\u2026.. J\u2019ouvre un \u0153il\u2026 puis l\u2019autre\u2026. Mon dos est fractur\u00e9 de toutes parts\u00a0! je ne suis qu\u2019une douleur de haut en bas&#8230;.<\/p>\n","protected":false},"author":1,"featured_media":405,"comment_status":"open","ping_status":"open","sticky":false,"template":"","format":"standard","meta":{"footnotes":""},"categories":[47],"tags":[],"class_list":["post-412","post","type-post","status-publish","format-standard","has-post-thumbnail","hentry","category-mes-experiences"],"aioseo_notices":[],"_links":{"self":[{"href":"http:\/\/corinne-deschamps.com\/blog\/wp-json\/wp\/v2\/posts\/412"}],"collection":[{"href":"http:\/\/corinne-deschamps.com\/blog\/wp-json\/wp\/v2\/posts"}],"about":[{"href":"http:\/\/corinne-deschamps.com\/blog\/wp-json\/wp\/v2\/types\/post"}],"author":[{"embeddable":true,"href":"http:\/\/corinne-deschamps.com\/blog\/wp-json\/wp\/v2\/users\/1"}],"replies":[{"embeddable":true,"href":"http:\/\/corinne-deschamps.com\/blog\/wp-json\/wp\/v2\/comments?post=412"}],"version-history":[{"count":3,"href":"http:\/\/corinne-deschamps.com\/blog\/wp-json\/wp\/v2\/posts\/412\/revisions"}],"predecessor-version":[{"id":441,"href":"http:\/\/corinne-deschamps.com\/blog\/wp-json\/wp\/v2\/posts\/412\/revisions\/441"}],"wp:featuredmedia":[{"embeddable":true,"href":"http:\/\/corinne-deschamps.com\/blog\/wp-json\/wp\/v2\/media\/405"}],"wp:attachment":[{"href":"http:\/\/corinne-deschamps.com\/blog\/wp-json\/wp\/v2\/media?parent=412"}],"wp:term":[{"taxonomy":"category","embeddable":true,"href":"http:\/\/corinne-deschamps.com\/blog\/wp-json\/wp\/v2\/categories?post=412"},{"taxonomy":"post_tag","embeddable":true,"href":"http:\/\/corinne-deschamps.com\/blog\/wp-json\/wp\/v2\/tags?post=412"}],"curies":[{"name":"wp","href":"https:\/\/api.w.org\/{rel}","templated":true}]}}