{"id":373,"date":"2018-06-14T13:05:18","date_gmt":"2018-06-14T12:05:18","guid":{"rendered":"http:\/\/corinne-deschamps.com\/blog\/?p=373"},"modified":"2020-02-14T11:17:26","modified_gmt":"2020-02-14T10:17:26","slug":"decodage-equilibrations-mepe-validation-des-acquis-et-remise-des-diplomes","status":"publish","type":"post","link":"http:\/\/corinne-deschamps.com\/blog\/decodage-equilibrations-mepe-validation-des-acquis-et-remise-des-diplomes\/","title":{"rendered":"D\u00e9codage &#038; Equilibrations MEPE  : validation des acquis et remise des diplomes."},"content":{"rendered":"<p>C&#8217;est avec beaucoup de joie et d&#8217;\u00e9motions que s&#8217;est termin\u00e9e cette premi\u00e8re session. Un pari tenu, relev\u00e9 et r\u00e9ussi.<!--more--><\/p>\n<figure id=\"attachment_374\" aria-describedby=\"caption-attachment-374\" style=\"width: 300px\" class=\"wp-caption aligncenter\"><a href=\"http:\/\/corinne-deschamps.com\/blog\/wp-content\/uploads\/2018\/06\/DSC00211.jpg\"><img loading=\"lazy\" decoding=\"async\" class=\"size-medium wp-image-374\" src=\"http:\/\/corinne-deschamps.com\/blog\/wp-content\/uploads\/2018\/06\/DSC00211-300x201.jpg\" alt=\"\" width=\"300\" height=\"201\" srcset=\"http:\/\/corinne-deschamps.com\/blog\/wp-content\/uploads\/2018\/06\/DSC00211-300x201.jpg 300w, http:\/\/corinne-deschamps.com\/blog\/wp-content\/uploads\/2018\/06\/DSC00211-768x514.jpg 768w, http:\/\/corinne-deschamps.com\/blog\/wp-content\/uploads\/2018\/06\/DSC00211-1024x685.jpg 1024w\" sizes=\"(max-width: 300px) 100vw, 300px\" \/><\/a><figcaption id=\"caption-attachment-374\" class=\"wp-caption-text\">remise de diplome<br \/>D\u00e9codage et Equilibrations MEPE<\/figcaption><\/figure>\n<p>&nbsp;<\/p>\n<p>J\u2019ai depuis toujours eu le d\u00e9sir de transmettre\u2026. Mais quoi et comment\u00a0?<\/p>\n<p>En 20 ans, j\u2019ai suivi de nombreuses formations. J\u2019aime apprendre et je continue \u00e0 me former.<\/p>\n<p>A chaque fois j\u2019ai remarqu\u00e9 2 choses\u00a0:<\/p>\n<p>1\u00b0 dans les formations trop longues, on n\u2019utilise pas tout ce qu\u2019on apprend.<\/p>\n<p>2\u00b0 il est tr\u00e8s difficile parfois de se d\u00e9tacher du \u00ab\u00a0Maitre\u00a0\u00bb. Et il suffit d\u2019un peu de manque de confiance en soi pour ne jamais s\u2019installer. Une formation qui ne servira donc \u00e0 rien.<\/p>\n<p>Riche de ces r\u00e9flexions, j\u2019ai su mettre en place, en cabinet, une \u00ab\u00a0mani\u00e8re\u00a0\u00bb tr\u00e8s personnelle d\u2019entrer en contact avec les personnes pour les aider \u00e0 cheminer. Et c\u2019est cela que j\u2019ai eu envie de transmettre.<\/p>\n<p>En avril 2017 ce fut une \u00e9vidence pour moi\u00a0: je devais cr\u00e9er ma formation.<\/p>\n<p>Elle r\u00e9unirait l\u2019Essentiel (L\u2019Essence du Ciel) de mes connaissances et techniques afin qu&#8217;au terme de cette formation, chaque personne puisse s\u2019installer en ayant d\u00e9j\u00e0 commenc\u00e9\u00a0\u00e0 pratiquer.<\/p>\n<p>Ce ne serait plus se \u00ab\u00a0lancer dans le vide\u00a0\u00bb \u00e0 la fin d\u2019une formation mais continuer sur sa lanc\u00e9e\u00a0!<\/p>\n<p>Une sorte d\u2019accompagnement avec des outils puissants \u00e0 utiliser imm\u00e9diatement.<\/p>\n<p>Je lui donnais le nom \u00ab\u00a0D\u00e9codage &amp; Equilibrations MEPE\u00a0\u00bb. (Vous trouverez l\u2019explication dans l\u2019onglet \u00ab\u00a0se former\u00a0\u00bb).<\/p>\n<p>La formation commen\u00e7a en Septembre 2017 avec 7 personnes et se termina en Juin de cette ann\u00e9e.<\/p>\n<p>Je suis heureuse de constater que c\u2019est une belle r\u00e9ussite puisque 4 d\u2019entre elles se sont install\u00e9es en cabinet.<\/p>\n<p>C\u2019est un vrai bonheur, car d\u00e9j\u00e0 quelques personnes s&#8217;int\u00e9ressent \u00e0 cette formation.<\/p>\n<p>Alors, c&#8217;est naturellement que je renouvelle cette aventure \u00e0 partir d\u2019octobre prochain sur Salon de Provence. (Les dates dans l\u2019onglet dates et tarifs).<\/p>\n<p>Merci \u00e0 toutes celles qui ont essuy\u00e9 les pl\u00e2tres pour cette premi\u00e8re ann\u00e9e, leurs t\u00e9moignages en disent long sur ce qu\u2019a \u00e9t\u00e9 pour elles ces 8 modules. (T\u00e9moignages \u00e0 la suite).<\/p>\n<p>Merci \u00e0 mes formateurs et enseignants.<\/p>\n<p>Merci \u00e0 ma famille de me soutenir et d\u2019accepter ces longues heures de travail.<\/p>\n<p>Merci \u00e0 tous ceux et toutes celles qui viendront continuer l\u2019aventure.<\/p>\n<p>Merci la vie.<\/p>\n<p>T\u00e9moignages\u00a0:<\/p>\n<p>&#8220;Apr\u00e8s huit we de formation je peux dire qu&#8217;il s&#8217;agit d&#8217;un v\u00e9ritable enrichissement personnel. Le fait d&#8217;avoir propos\u00e9 cette formation sur huit we m&#8217;a permis de pouvoir la faire.<\/p>\n<p>Les journ\u00e9es \u00e9taient intenses, riches et porteuses de sens. Cette formation m&#8217;a permis d&#8217;avoir les connaissances et les comp\u00e9tences n\u00e9cessaires pour pratiquer tr\u00e8s vite sur des personnes en demande. D&#8217;ailleurs, enceinte tout au long de la formation, j&#8217;ai accouch\u00e9 sur l&#8217;avant dernier we, suite \u00e0 une belle s\u00e9ance r\u00e9alis\u00e9e par une de mes co\u00e9quipi\u00e8res : un instant magique que personne n\u2019oubliera ! Il s&#8217;agit pour ma part d&#8217;un v\u00e9ritable \u00e9panouissement personnel qui me permet de changer de voie professionnelle et de faire quelque chose qui me passionne. Pour une premi\u00e8re ann\u00e9e en tant que formatrice, je ne peux que f\u00e9liciter Corinne pour son investissement, son travail et sa capacit\u00e9 \u00e0 transmettre ses savoirs. Passionn\u00e9e et passionnante, elle m&#8217;a permis de me positionner sur un chemin tout nouveau que je savoure \u00e0 petits pas.&#8221; Carole G<\/p>\n<p>&nbsp;<\/p>\n<p>\u00ab\u00a0J&#8217;ai suivi la formation D\u00e9codage et \u00c9quilibrations MEPE qui se d\u00e9roule sur 8 modules.<\/p>\n<p>\u00c9tant d\u00e9j\u00e0 praticienne en \u00c9nerg\u00e9tique Chinoise, j&#8217;\u00e9tais venue y chercher une connaissance compl\u00e9mentaire \u00e0 la mienne dans le processus de d\u00e9codage des limitations et d\u00e9fenses de la personne.<\/p>\n<p>J&#8217;ai trouv\u00e9 cette formation tr\u00e8s compl\u00e8te et enrichissante. Les modules sont tr\u00e8s bien structur\u00e9s et clairement d\u00e9velopp\u00e9s, nous permettant tout de suite de pratiquer.<\/p>\n<p>Au-del\u00e0 de \u00e7a c&#8217;est aussi une aventure humaine, qui m&#8217;a permis de rencontrer Corinne Deschamps, une tr\u00e8s belle personne, plein de g\u00e9n\u00e9rosit\u00e9 dans ce qu&#8217;elle donne, avec une envie et capacit\u00e9 exceptionnelle \u00e0 transmettre. Toujours dans le souci de se mettre \u00e0 notre port\u00e9e pour que l&#8217;on comprenne bien. Toujours rayonnante et de bonne humeur. Si c&#8217;\u00e9tait \u00e0 refaire je signerai les yeux ferm\u00e9s.\u00a0\u00bb\u00a0 Karine C<\/p>\n<p>&nbsp;<\/p>\n<p>&#8220;J&#8217;ai suivi cette formation avec pour objectif initial de m&#8217;enrichir personnellement. Suivie par Corinne Deschamps depuis plusieurs mois, jai compl\u00e9tement adh\u00e9r\u00e9 a cette approche qui m&#8217;a permise et me permet encore de me lib\u00e9rer de sch\u00e9mas et fonctionnements qui ne me conviennent plus et de pouvoir enfin avoir le choix.<\/p>\n<p>Les premiers week end ont \u00e9t\u00e9 \u00e0 la fois sources de savoirs et d&#8217;enrichissements, alimentant toujours un peu plus ma curiosit\u00e9 mais \u00e9galement source de stress. En effet, cela n&#8217;a pas \u00e9t\u00e9 toujours &#8220;facile&#8221; et une p\u00e9riode de remise en questions sur ma capacit\u00e9 \u00e0 d\u00e9passer mes craintes de ne pas r\u00e9ussir s&#8217;est finalement sold\u00e9e gr\u00e2ce \u00e0 la bienveillance de Corinne et quelques \u00e9quilibrations par un l\u00e2cher prise&#8230; lib\u00e9rateur!<\/p>\n<p>R\u00e9v\u00e9lation! Non seulement je m&#8217;en suis sentie capable mais j&#8217;ai surtout chang\u00e9 mon objectif de d\u00e9part. Bien plus qu&#8217;un enrichissement personnel cela est devenu une v\u00e9ritable vocation!<\/p>\n<p>Apr\u00e8s le &#8220;d\u00e9clic&#8221; ce ne sont que bonheurs, plaisirs et \u00e9merveillements \u00e0 chaque fois.<br \/>\nCette formation a \u00e9t\u00e9 une superbe\u00a0 exp\u00e9rience humaine riches en \u00e9motions, en \u00e9changes, en savoirs et savoirs faire. A l&#8217;issue, nous sommes form\u00e9s, outill\u00e9s et pr\u00eats pour pouvoir Accompagner vers la libre expression de Soi.<\/p>\n<p>Je suis heureuse aujourd&#8217;hui d&#8217;avoir trouv\u00e9 ma voie!\u00a0 Merci Corinne pour ta g\u00e9n\u00e9rosit\u00e9.&#8221;\u00a0\u00a0 Chrystel P<\/p>\n<p>&nbsp;<\/p>\n<p>\u00ab\u00a0La formation en D\u00e9codage et Equilibrations M.E.P.E est une formation passionnante avec des modules vraiment tr\u00e8s complets qui m&#8217;ont permis de m&#8217;installer d\u00e8s la fin de la formation en tant que th\u00e9rapeute.<\/p>\n<p>Le nombre limit\u00e9 de participantes\u00a0a favoris\u00e9 un travail de qualit\u00e9 tant au niveau des \u00e9changes que de l&#8217;apprentissage de la technique.<\/p>\n<p>Corinne est une formatrice passionn\u00e9e, passionnante, bienveillante et disponible.<\/p>\n<p>Je trouve formidable\u00a0que Corinne ait r\u00e9ussi \u00e0 transmettre ses outils tout en nous amenant \u00e0 chaque module &#8220;\u00e0 se lib\u00e9rer d\u2019elle&#8221; progressivement pour devenir parfaitement autonome dans notre pratique.<\/p>\n<p>La formation m\u2019a beaucoup remu\u00e9e,\u00a0me poussant sans cesse \u00e0 m\u2019analyser. Cela n\u2019a pas toujours \u00e9t\u00e9 facile. J&#8217;ai eu des moments de doute notamment concernant le test musculaire.\u00a0 J&#8217;ai mis du temps \u00e0 trouver la technique qui me convenait, associ\u00e9 au fait que je craignais de ne pas trouver la bonne information pour la personne sur la table. Je me suis accroch\u00e9e,\u00a0et\u00a0ce passage est maintenant loin derri\u00e8re moi. Aujourd&#8217;hui je me d\u00e9lecte et vis pleinement les s\u00e9ances avec mes client(e)s. &#8221;\u00a0\u00a0\u00a0 Aurore C<\/p>\n<p>&nbsp;<\/p>\n<p><strong>\u00ab\u00a0Comme le Hasard n\u2019existe pas 9 mois de formation, pour moi une vraie RENAISSANCE\u2026 <\/strong><\/p>\n<p>Apr\u00e8s un parcours de vie tr\u00e8s difficile, 2 passages en \u00e9tablissement psychiatrique, 4 ans d\u2019analyse avec un psychologue.<\/p>\n<p>Je suis arriv\u00e9e en consultation chez Corinne, de nouveau dans une phase de \u00ab vie douloureuse \u00bb<\/p>\n<p>Pour moi la Kin\u00e9siologie, le Neuro Training une REVELATION \u2026<\/p>\n<p>A la 1<sup>er<\/sup> s\u00e9ance, je suis sortie de son cabinet l\u00e9g\u00e8re, j\u2019avais laiss\u00e9 mon Fardeau \u00ab vous savez celui que l\u2019on transporte toute sa vie sans savoir pourquoi\u00bb\u2026<\/p>\n<p>J\u2019ai continu\u00e9 \u00e0 consulter, je me languissais chaque fois la prochaine s\u00e9ance.<\/p>\n<p>Elle m\u2019a apport\u00e9 de nouvelles ressources, donn\u00e9 de nouvelles clefs que j\u2019ai pu exploiter.<\/p>\n<p>Je me sentais de mieux en mieux\u2026 Bien s\u00fbr il n\u2019y a pas de miracle, j\u2019ai fait un gros travail sur Moi\u2026<\/p>\n<p>Lors d\u2019une consultation Corinne m\u2019a propos\u00e9 la formation de d\u00e9codage &amp; \u00e9quilibrations MEPE.<\/p>\n<p>Ce fut vraiment une \u00e9vidence, il fallait que j\u2019y participe, alors j\u2019ai tout mis en \u0153uvre pour pouvoir le faire.<\/p>\n<p>Apr\u00e8s mon passage en psychiatrie, o\u00f9 j\u2019avais c\u00f4toy\u00e9 la Souffrance,\u00a0pas celle physique, vous savez \u00ab\u00a0celle que l\u2019on a du mal \u00e0 comprendre, celle qui n\u2019est COMPRISE que par celui qui a eu MAL et m\u00eame tr\u00e8s MAL sans pouvoir vraiment l\u2019expliquer\u00a0\u00bb<\/p>\n<p>Je me suis dit\u00a0un jour \u00ab\u00a0si je vais mieux, j\u2019essaierai d\u2019aider les personnes qui ressentent ce MAL ETRE\u00a0\u00bb.<\/p>\n<p>Pendant tous ces week-ends j\u2019ai appris la technique \u00ab\u00a0comment interroger le cerveau afin qu\u2019il donne des r\u00e9ponses, en testant la tonicit\u00e9 des muscles \u00ab\u00a0d\u00e9coder\u00a0\u00bb faire des \u00e9quilibrations \u00ab\u00a0au PRESENT\u00a0\u00bbet le PLUS le faire en \u00ab\u00a0CADRE DE TEMPS\u00a0\u00bb pour que cela TIENNE\u2026. C\u2019est FABULEUX\u00a0!!!<\/p>\n<p>Aujourd\u2019hui je sais qu\u2019avec cette technique, je vais pouvoir adoucir la vie des personnes qui viendront vers moi\u2026<\/p>\n<p>A 59 ans, je peux dire \u00ab\u00a0je me suis fait un tr\u00e8s beau cadeau\u00a0avec cette FORMATION\u00a0\u00bb. Elle m\u2019a permis de me trouver, de m\u2019engager sur nouveau chemin, celui de la vie sereine et en PAIX\u2026<\/p>\n<p>MERCI Corinne de m\u2019avoir transmis tes connaissances, tes comp\u00e9tences, ton sourire, ta joie de vivre, ta bienveillance\u2026<\/p>\n<p>Et surtout de m\u2019avoir redonn\u00e9 \u00ab\u00a0la CONFIANCE EN MOI\u00a0\u00bb<\/p>\n<p>Que la Vie est Belle quand on sait quel chemin emprunter, en ayant fait la paix avec son PASSE, en vivant le\u00a0\u00ab\u00a0MOMENT PRESENT\u00a0\u00bb, en n\u2019ayant plus peur du FUTUR\u2026<\/p>\n<p>Dans la Vie il n\u2019y a pas de HASARD sauf celui que l\u2019on suit\u2026<\/p>\n<p>Et j\u2019ai crois\u00e9 ton chemin\u2026 ENCORE MERCI A TOI\u00a0\u00bb. Avec toute ma bienveillance, Brigitte S.<\/p>\n<p>&nbsp;<\/p>\n<p>&nbsp;<\/p>\n<p>&nbsp;<\/p>\n<p>&nbsp;<\/p>\n<p>&nbsp;<\/p>\n<p>&nbsp;<\/p>\n<p>&nbsp;<\/p>\n<p>&nbsp;<\/p>\n<p>&nbsp;<\/p>\n<p>&nbsp;<\/p>\n","protected":false},"excerpt":{"rendered":"<p>C&#8217;est avec beaucoup de joie et d&#8217;\u00e9motions que s&#8217;est termin\u00e9e cette premi\u00e8re session. Un pari tenu, relev\u00e9 et r\u00e9ussi.<\/p>\n","protected":false},"author":1,"featured_media":374,"comment_status":"open","ping_status":"open","sticky":false,"template":"","format":"standard","meta":{"footnotes":""},"categories":[48,11],"tags":[],"class_list":["post-373","post","type-post","status-publish","format-standard","has-post-thumbnail","hentry","category-formations-infos-et-temoignages","category-pensee-positive"],"aioseo_notices":[],"_links":{"self":[{"href":"http:\/\/corinne-deschamps.com\/blog\/wp-json\/wp\/v2\/posts\/373"}],"collection":[{"href":"http:\/\/corinne-deschamps.com\/blog\/wp-json\/wp\/v2\/posts"}],"about":[{"href":"http:\/\/corinne-deschamps.com\/blog\/wp-json\/wp\/v2\/types\/post"}],"author":[{"embeddable":true,"href":"http:\/\/corinne-deschamps.com\/blog\/wp-json\/wp\/v2\/users\/1"}],"replies":[{"embeddable":true,"href":"http:\/\/corinne-deschamps.com\/blog\/wp-json\/wp\/v2\/comments?post=373"}],"version-history":[{"count":8,"href":"http:\/\/corinne-deschamps.com\/blog\/wp-json\/wp\/v2\/posts\/373\/revisions"}],"predecessor-version":[{"id":384,"href":"http:\/\/corinne-deschamps.com\/blog\/wp-json\/wp\/v2\/posts\/373\/revisions\/384"}],"wp:featuredmedia":[{"embeddable":true,"href":"http:\/\/corinne-deschamps.com\/blog\/wp-json\/wp\/v2\/media\/374"}],"wp:attachment":[{"href":"http:\/\/corinne-deschamps.com\/blog\/wp-json\/wp\/v2\/media?parent=373"}],"wp:term":[{"taxonomy":"category","embeddable":true,"href":"http:\/\/corinne-deschamps.com\/blog\/wp-json\/wp\/v2\/categories?post=373"},{"taxonomy":"post_tag","embeddable":true,"href":"http:\/\/corinne-deschamps.com\/blog\/wp-json\/wp\/v2\/tags?post=373"}],"curies":[{"name":"wp","href":"https:\/\/api.w.org\/{rel}","templated":true}]}}