{"id":1579,"date":"2024-08-06T13:19:19","date_gmt":"2024-08-06T12:19:19","guid":{"rendered":"http:\/\/corinne-deschamps.com\/blog\/?p=1579"},"modified":"2024-08-06T13:20:43","modified_gmt":"2024-08-06T12:20:43","slug":"formations-les-inscriptions-sont-ouvertes","status":"publish","type":"post","link":"http:\/\/corinne-deschamps.com\/blog\/formations-les-inscriptions-sont-ouvertes\/","title":{"rendered":"Formations &#8230;.  les inscriptions sont ouvertes!"},"content":{"rendered":"\n<figure class=\"wp-block-image size-large\"><a href=\"http:\/\/corinne-deschamps.com\/blog\/wp-content\/uploads\/2024\/08\/FORMATION-A-VENIR-POUR-BLOG.jpg\"><img loading=\"lazy\" decoding=\"async\" width=\"1024\" height=\"576\" src=\"http:\/\/corinne-deschamps.com\/blog\/wp-content\/uploads\/2024\/08\/FORMATION-A-VENIR-POUR-BLOG-1024x576.jpg\" alt=\"\" class=\"wp-image-1582\" srcset=\"http:\/\/corinne-deschamps.com\/blog\/wp-content\/uploads\/2024\/08\/FORMATION-A-VENIR-POUR-BLOG-1024x576.jpg 1024w, http:\/\/corinne-deschamps.com\/blog\/wp-content\/uploads\/2024\/08\/FORMATION-A-VENIR-POUR-BLOG-300x169.jpg 300w, http:\/\/corinne-deschamps.com\/blog\/wp-content\/uploads\/2024\/08\/FORMATION-A-VENIR-POUR-BLOG-768x432.jpg 768w, http:\/\/corinne-deschamps.com\/blog\/wp-content\/uploads\/2024\/08\/FORMATION-A-VENIR-POUR-BLOG.jpg 1280w\" sizes=\"(max-width: 1024px) 100vw, 1024px\" \/><\/a><\/figure>\n\n\n\n<p><strong>La formation en Kin\u00e9siologie D\u00e9codage &amp; Equilibrations MEPE<\/strong>  : <strong>9 WE sur 9 mois. Elle commence le 19 octobre 2024 jusqu&#8217;au 1er Juin 2025 avec une certification le 28 Juin 2025.  <\/strong><\/p>\n\n\n\n<p>Elle s\u2019adresse aux professionnel(le)s de l\u2019accompagnement qui souhaitent acqu\u00e9rir de nouveaux outils compl\u00e9mentaires \u00e0 leur pratique. Mais \u00e9galement,  \u00e0 toute personne d\u00e9sireuse de s\u2019orienter vers la relation d\u2019aide afin d\u2019avoir un outil efficace \u00e0 utiliser rapidement,<\/p>\n\n\n\n<p>Mais aussi \u2026 A toutes celles et ceux qui se sentent perdus apr\u00e8s de multiples formations et qui n\u2019arrivent pas \u00e0 pratiquer et s&#8217;installer&#8230;.<\/p>\n\n\n\n<p>Et enfin, \u00e0 toute personne qui s\u2019int\u00e9resse aux techniques de soins, de coaching et d\u2019accompagnement pour leur entourage ou pour elle-m\u00eame.<\/p>\n\n\n\n<p>C\u2019est une aventure humaine, un nouvel horizion pour de nouveaux possibles\u2026 <\/p>\n\n\n\n<p>Bref une histoire qui s\u2019\u00e9crit dans et par un groupe de personnes qui au d\u00e9part ne se connaissent pas et vont avancer ensemble avec bienveillance, humour, entre-aide et bonne humeur.<\/p>\n\n\n\n<p><blockquote class=\"wp-embedded-content\" data-secret=\"YJWSUWZF2h\"><a href=\"http:\/\/corinne-deschamps.com\/blog\/decodage-equilibration-mepe\/\">Se Former en Kin\u00e9siologie  D\u00e9codage et \u00c9quilibrations MEPE<\/a><\/blockquote><iframe loading=\"lazy\" class=\"wp-embedded-content\" sandbox=\"allow-scripts\" security=\"restricted\" style=\"position: absolute; clip: rect(1px, 1px, 1px, 1px);\" title=\"\u00ab\u00a0Se Former en Kin\u00e9siologie  D\u00e9codage et \u00c9quilibrations MEPE\u00a0\u00bb &#8212; Corinne Deschamps\" src=\"http:\/\/corinne-deschamps.com\/blog\/decodage-equilibration-mepe\/embed\/#?secret=UWhQ9KLjTE#?secret=YJWSUWZF2h\" data-secret=\"YJWSUWZF2h\" width=\"600\" height=\"338\" frameborder=\"0\" marginwidth=\"0\" marginheight=\"0\" scrolling=\"no\"><\/iframe><\/p>\n\n\n\n<p><\/p>\n\n\n\n<p><strong>La formation &#8220;Les elixirs floraux &#8211; Fleurs de Bach&#8221; : elle dure 3 jours du 11 au 13 Octobre 2024. <\/strong><\/p>\n\n\n\n<p>Elle s&#8217;adresse \u00e0 toutes les personnes d\u00e9sireuses de comprendre comment fonctionnent ces redoutables petites Fleurs et apprendre \u00e0 les utiliser pour tous les maux et malaises du quotidien. <\/p>\n\n\n\n<p><blockquote class=\"wp-embedded-content\" data-secret=\"kth4n88sbQ\"><a href=\"http:\/\/corinne-deschamps.com\/blog\/formation-elixirs-floraux-dr-bach\/\">Les Elixirs Floraux Dr BACH<\/a><\/blockquote><iframe loading=\"lazy\" class=\"wp-embedded-content\" sandbox=\"allow-scripts\" security=\"restricted\" style=\"position: absolute; clip: rect(1px, 1px, 1px, 1px);\" title=\"\u00ab\u00a0Les Elixirs Floraux Dr BACH\u00a0\u00bb &#8212; Corinne Deschamps\" src=\"http:\/\/corinne-deschamps.com\/blog\/formation-elixirs-floraux-dr-bach\/embed\/#?secret=AXIDHaP3xS#?secret=kth4n88sbQ\" data-secret=\"kth4n88sbQ\" width=\"600\" height=\"338\" frameborder=\"0\" marginwidth=\"0\" marginheight=\"0\" scrolling=\"no\"><\/iframe><\/p>\n\n\n\n<p><\/p>\n\n\n\n<p><strong>La formation &#8220;De la cellule au projet-sens&#8221; : elle dure 3 jours du 22 au 24 Novembre 2024. <\/strong><\/p>\n\n\n\n<p>Elles s&#8217;adresse \u00e0 toutes les personnes d\u00e9sireuses d&#8217;apprendre \u00e0 d\u00e9coder un &#8220;programme de naissance&#8221; et d\u00e9tecter tous les h\u00e9ritages qui d\u00e9terminent notre personnalit\u00e9. <\/p>\n\n\n\n<p><blockquote class=\"wp-embedded-content\" data-secret=\"i8XnX3bXsA\"><a href=\"http:\/\/corinne-deschamps.com\/blog\/de-la-cellule-au-projet-sens\/\">De la cellule au Projet-Sens<\/a><\/blockquote><iframe loading=\"lazy\" class=\"wp-embedded-content\" sandbox=\"allow-scripts\" security=\"restricted\" style=\"position: absolute; clip: rect(1px, 1px, 1px, 1px);\" title=\"\u00ab\u00a0De la cellule au Projet-Sens\u00a0\u00bb &#8212; Corinne Deschamps\" src=\"http:\/\/corinne-deschamps.com\/blog\/de-la-cellule-au-projet-sens\/embed\/#?secret=OCQhxjcioP#?secret=i8XnX3bXsA\" data-secret=\"i8XnX3bXsA\" width=\"600\" height=\"338\" frameborder=\"0\" marginwidth=\"0\" marginheight=\"0\" scrolling=\"no\"><\/iframe><\/p>\n\n\n\n<p><strong>Ces techniques de d\u00e9veloppement personnel ne peuvent en aucun cas remplacer la m\u00e9decine ni demander l\u2019arr\u00eat d\u2019un traitement m\u00e9dical.<\/strong><\/p>\n\n\n\n<h2 class=\"wp-block-heading\"><\/h2>\n\n\n\n<p><a href=\"http:\/\/corinne-deschamps.com\/blog\/wp-content\/uploads\/2024\/08\/20240629_180725-scaled.jpg\"><\/a><\/p>\n","protected":false},"excerpt":{"rendered":"<p>La formation en Kin\u00e9siologie D\u00e9codage &amp; Equilibrations MEPE : 9 WE sur 9 mois. Elle commence le 19 octobre 2024 jusqu&#8217;au 1er Juin 2025&#8230;<\/p>\n","protected":false},"author":1,"featured_media":1582,"comment_status":"open","ping_status":"open","sticky":false,"template":"","format":"standard","meta":{"footnotes":""},"categories":[45,48,4,5],"tags":[],"class_list":["post-1579","post","type-post","status-publish","format-standard","has-post-thumbnail","hentry","category-aromatherapie","category-formations-infos-et-temoignages","category-infos-sante-bien-etre","category-le-saviez-vous"],"aioseo_notices":[],"_links":{"self":[{"href":"http:\/\/corinne-deschamps.com\/blog\/wp-json\/wp\/v2\/posts\/1579"}],"collection":[{"href":"http:\/\/corinne-deschamps.com\/blog\/wp-json\/wp\/v2\/posts"}],"about":[{"href":"http:\/\/corinne-deschamps.com\/blog\/wp-json\/wp\/v2\/types\/post"}],"author":[{"embeddable":true,"href":"http:\/\/corinne-deschamps.com\/blog\/wp-json\/wp\/v2\/users\/1"}],"replies":[{"embeddable":true,"href":"http:\/\/corinne-deschamps.com\/blog\/wp-json\/wp\/v2\/comments?post=1579"}],"version-history":[{"count":5,"href":"http:\/\/corinne-deschamps.com\/blog\/wp-json\/wp\/v2\/posts\/1579\/revisions"}],"predecessor-version":[{"id":1585,"href":"http:\/\/corinne-deschamps.com\/blog\/wp-json\/wp\/v2\/posts\/1579\/revisions\/1585"}],"wp:featuredmedia":[{"embeddable":true,"href":"http:\/\/corinne-deschamps.com\/blog\/wp-json\/wp\/v2\/media\/1582"}],"wp:attachment":[{"href":"http:\/\/corinne-deschamps.com\/blog\/wp-json\/wp\/v2\/media?parent=1579"}],"wp:term":[{"taxonomy":"category","embeddable":true,"href":"http:\/\/corinne-deschamps.com\/blog\/wp-json\/wp\/v2\/categories?post=1579"},{"taxonomy":"post_tag","embeddable":true,"href":"http:\/\/corinne-deschamps.com\/blog\/wp-json\/wp\/v2\/tags?post=1579"}],"curies":[{"name":"wp","href":"https:\/\/api.w.org\/{rel}","templated":true}]}}