{"id":125,"date":"2015-09-14T16:45:32","date_gmt":"2015-09-14T15:45:32","guid":{"rendered":"http:\/\/corinne-deschamps.com\/blog\/?p=125"},"modified":"2020-02-14T11:28:59","modified_gmt":"2020-02-14T10:28:59","slug":"merci-au-neuro-training","status":"publish","type":"post","link":"http:\/\/corinne-deschamps.com\/blog\/merci-au-neuro-training\/","title":{"rendered":"Merci au Neuro-Training!"},"content":{"rendered":"<h3 class=\"ecxMsoNormal\">Juillet 2015 &#8211; T\u00e9moignage :<\/h3>\n<p class=\"ecxMsoNormal\">Au mois de novembre, ma fille Manon \u00e2g\u00e9e de 13 ans a commenc\u00e9 \u00e0 souffrir de mani\u00e8re chronique et intense de son dos.<\/p>\n<p class=\"ecxMsoNormal\">Malgr\u00e9 plusieurs visites chez son orthop\u00e9diste \u00e0 l\u2019h\u00f4pital (elle porte un corset), des anti-inflammatoires qui ne font pas effet, <!--more-->un IRM qui ne montre rien et un cartable tr\u00e8s all\u00e9g\u00e9, elle a continue \u00e0 souffrir.<\/p>\n<p class=\"ecxMsoNormal\">Seule la position f\u0153tale sur le canap\u00e9 la soulage en cas de crise. La d\u00e9prime commence \u00e0 pointer son nez\u2026..<\/p>\n<p class=\"ecxMsoNormal\">Au mois d\u2019avril, nous \u00a0changeons d\u2019orthop\u00e9diste qui lui \u00a0dit que sa douleur est due \u00e0 un ras-le bol de son corset et de sa maladie de croissance, et qu\u2019il faut qu\u2019elle accepte le fait que son corps parle. Bien s\u00fbr, Manon ne supporte pas\u00a0de se faire dire que son corps n\u2019accepte plus d\u2019\u00eatre contraint, elle\u00a0qui est si parfaite!<\/p>\n<p class=\"ecxMsoNormal\">Nous changeons \u00e9galement d\u2019ost\u00e9opathe qui nous confirme le diagnostique de l\u2019orthop\u00e9diste et d\u00e9contracte les muscles du dos (mais pas plus que dans une visite de routine).<\/p>\n<p class=\"ecxMsoNormal\">Ce qui a vraiment chang\u00e9 sa vie, c\u2019est la rencontre avec Corinne DESCHAMPS.<\/p>\n<p class=\"ecxMsoNormal\"><strong>La s\u00e9ance de neuro-trainning lui a permis de renouer avec son corps, de faire la paix avec et &#8230;\u00a0<\/strong>peut-\u00eatre d&#8217;avantage?<\/p>\n<p class=\"ecxMsoNormal\">A la sortie de cette s\u00e9ance, elle se sent mieux.<\/p>\n<p class=\"ecxMsoNormal\"><strong>D\u00e8s le lendemain matin, j\u2019ai red\u00e9couvert ma fille gaie, l\u00e9g\u00e8re et p\u00e9tillante comme elle avait toujours \u00e9t\u00e9 avant<\/strong> cette crise de douleur chronique.<\/p>\n<p class=\"ecxMsoNormal\">Depuis elle n\u2019a plus mal \u00e0 son dos et rit toute la journ\u00e9e.<\/p>\n<p class=\"ecxMsoNormal\">C\u2019est une r\u00e9v\u00e9lation\u2026.<\/p>\n<p class=\"ecxMsoNormal\">Madame Brunet<\/p>\n","protected":false},"excerpt":{"rendered":"<p>Juillet 2015 &#8211; T\u00e9moignage : Au mois de novembre, ma fille Manon \u00e2g\u00e9e de 13 ans a commenc\u00e9 \u00e0 souffrir de mani\u00e8re chronique et&#8230;<\/p>\n","protected":false},"author":1,"featured_media":0,"comment_status":"open","ping_status":"open","sticky":false,"template":"","format":"standard","meta":{"footnotes":""},"categories":[4,6],"tags":[],"class_list":["post-125","post","type-post","status-publish","format-standard","hentry","category-infos-sante-bien-etre","category-temoignages-seance"],"aioseo_notices":[],"_links":{"self":[{"href":"http:\/\/corinne-deschamps.com\/blog\/wp-json\/wp\/v2\/posts\/125"}],"collection":[{"href":"http:\/\/corinne-deschamps.com\/blog\/wp-json\/wp\/v2\/posts"}],"about":[{"href":"http:\/\/corinne-deschamps.com\/blog\/wp-json\/wp\/v2\/types\/post"}],"author":[{"embeddable":true,"href":"http:\/\/corinne-deschamps.com\/blog\/wp-json\/wp\/v2\/users\/1"}],"replies":[{"embeddable":true,"href":"http:\/\/corinne-deschamps.com\/blog\/wp-json\/wp\/v2\/comments?post=125"}],"version-history":[{"count":12,"href":"http:\/\/corinne-deschamps.com\/blog\/wp-json\/wp\/v2\/posts\/125\/revisions"}],"predecessor-version":[{"id":130,"href":"http:\/\/corinne-deschamps.com\/blog\/wp-json\/wp\/v2\/posts\/125\/revisions\/130"}],"wp:attachment":[{"href":"http:\/\/corinne-deschamps.com\/blog\/wp-json\/wp\/v2\/media?parent=125"}],"wp:term":[{"taxonomy":"category","embeddable":true,"href":"http:\/\/corinne-deschamps.com\/blog\/wp-json\/wp\/v2\/categories?post=125"},{"taxonomy":"post_tag","embeddable":true,"href":"http:\/\/corinne-deschamps.com\/blog\/wp-json\/wp\/v2\/tags?post=125"}],"curies":[{"name":"wp","href":"https:\/\/api.w.org\/{rel}","templated":true}]}}