{"id":1114,"date":"2020-06-05T10:48:45","date_gmt":"2020-06-05T09:48:45","guid":{"rendered":"http:\/\/corinne-deschamps.com\/blog\/?p=1114"},"modified":"2020-06-05T11:12:33","modified_gmt":"2020-06-05T10:12:33","slug":"deconfinement-et-nouvelles-douleurs","status":"publish","type":"post","link":"http:\/\/corinne-deschamps.com\/blog\/deconfinement-et-nouvelles-douleurs\/","title":{"rendered":"D\u00e9confinement et &#8230;. nouvelles douleurs!"},"content":{"rendered":"<p><span style=\"color: #5b0991;\">Voici maintenant 3 semaines que les s\u00e9ances ont repris, et curieusement,<strong> le d\u00e9confinement a fait apparaitre de nouveaux sympt\u00f4mes \u00e9tonnants.<\/strong><\/span><\/p>\n<p><span style=\"color: #5b0991;\">La majorit\u00e9 des personnes que je vois se plaignent de <strong>douleurs dans le cou<\/strong>, dans le <strong>dos<\/strong>, dans les <strong>bras<\/strong>\u2026. Mais pourquoi \u00e7a&nbsp;? <\/span><!--more--><\/p>\n<p><a href=\"http:\/\/corinne-deschamps.com\/blog\/wp-content\/uploads\/2020\/06\/questions-pour-article.jpg\"><img loading=\"lazy\" decoding=\"async\" class=\"aligncenter size-full wp-image-1121\" src=\"http:\/\/corinne-deschamps.com\/blog\/wp-content\/uploads\/2020\/06\/questions-pour-article.jpg\" alt=\"\" width=\"150\" height=\"100\"><\/a><span style=\"color: #5b0991;\">L\u2019explication pourrait venir de la<strong> tension extr\u00eame<\/strong> que nous avons v\u00e9cue et que nous vivons encore, consciemment ou inconsciemment! Une tension g\u00e9n\u00e9r\u00e9e notamment par toutes les pr\u00e9cautions \u00e0 prendre \u00e0 chaque instant.<\/span><\/p>\n<p><span style=\"color: #5b0991;\">Depuis plusieurs semaines, il nous est demand\u00e9 de faire attention \u00e0 de nombreuses choses en m\u00eame temps : \u00e9ternuer dans son coude, masque, gants, distanciation physique\u2026. Trop sollicit\u00e9 par toutes ces mesures associ\u00e9es \u00e0 la peur, notre cerveau est compl\u00e9tement accapar\u00e9 par l\u2019\u00e9ventuel danger. Il est en alerte permanente, les h\u00e9misph\u00e8res droits et gauche ne fonctionnent plus dans une routine de vie. <strong>Le cerveau, en \u00e9tat d\u2019urgence, est en permanence pr\u00eat \u00e0 fuir ou \u00e0 se battre, il se met \u00ab en accident \u00bb<\/strong>..\u2026. Dans cette posture inconsciente de vigilance extr\u00eame, toute la chaine musculaire du dos se contracte. Le cerveau ne donnant pas l\u2019information de repos, les muscles n\u2019arrivent plus \u00e0 se d\u00e9tendre, ils se tendent au maximum, toujours dans cette \u00e9ventualit\u00e9 de devoir se battre ou courir pour fuir.<\/span><\/p>\n<p><span style=\"color: #5b0991;\">La solution est de donner au cerveau l\u2019information de retour \u00e0 la normale.<\/span><\/p>\n<p><span style=\"color: #5b0991;\">Bonne nouvelle! Le Neuro-Training fait partie des techniques qui permet cette r\u00e9-information. <\/span><\/p>\n<p><span style=\"color: #5b0991;\">Apr\u00e8s une s\u00e9ance, associ\u00e9e au Fleurs de Bach, vous retrouverez un meilleur sommeil, et des journ\u00e9es bien plus sereines !<\/span><\/p>\n<p><span style=\"color: #5b0991;\">Si vous ressentez ces douleurs, n\u2019h\u00e9sitez pas \u00e0 consulter !<br \/>\n<\/span><\/p>\n<p><span style=\"color: #5b0991;\">Je vous souhaite une belle journ\u00e9e.<\/span><\/p>\n<p><em>#jevousinviteatoujoursvousdemanderpourquoi!<\/em><\/p>\n","protected":false},"excerpt":{"rendered":"<p>Voici maintenant 3 semaines que les s\u00e9ances ont repris, et curieusement, le d\u00e9confinement a fait apparaitre de nouveaux sympt\u00f4mes \u00e9tonnants. La majorit\u00e9 des personnes&#8230;<\/p>\n","protected":false},"author":1,"featured_media":1117,"comment_status":"open","ping_status":"open","sticky":false,"template":"","format":"standard","meta":{"footnotes":""},"categories":[5],"tags":[],"class_list":["post-1114","post","type-post","status-publish","format-standard","has-post-thumbnail","hentry","category-le-saviez-vous"],"aioseo_notices":[],"_links":{"self":[{"href":"http:\/\/corinne-deschamps.com\/blog\/wp-json\/wp\/v2\/posts\/1114"}],"collection":[{"href":"http:\/\/corinne-deschamps.com\/blog\/wp-json\/wp\/v2\/posts"}],"about":[{"href":"http:\/\/corinne-deschamps.com\/blog\/wp-json\/wp\/v2\/types\/post"}],"author":[{"embeddable":true,"href":"http:\/\/corinne-deschamps.com\/blog\/wp-json\/wp\/v2\/users\/1"}],"replies":[{"embeddable":true,"href":"http:\/\/corinne-deschamps.com\/blog\/wp-json\/wp\/v2\/comments?post=1114"}],"version-history":[{"count":6,"href":"http:\/\/corinne-deschamps.com\/blog\/wp-json\/wp\/v2\/posts\/1114\/revisions"}],"predecessor-version":[{"id":1124,"href":"http:\/\/corinne-deschamps.com\/blog\/wp-json\/wp\/v2\/posts\/1114\/revisions\/1124"}],"wp:featuredmedia":[{"embeddable":true,"href":"http:\/\/corinne-deschamps.com\/blog\/wp-json\/wp\/v2\/media\/1117"}],"wp:attachment":[{"href":"http:\/\/corinne-deschamps.com\/blog\/wp-json\/wp\/v2\/media?parent=1114"}],"wp:term":[{"taxonomy":"category","embeddable":true,"href":"http:\/\/corinne-deschamps.com\/blog\/wp-json\/wp\/v2\/categories?post=1114"},{"taxonomy":"post_tag","embeddable":true,"href":"http:\/\/corinne-deschamps.com\/blog\/wp-json\/wp\/v2\/tags?post=1114"}],"curies":[{"name":"wp","href":"https:\/\/api.w.org\/{rel}","templated":true}]}}