{"id":1049,"date":"2020-04-05T10:24:37","date_gmt":"2020-04-05T09:24:37","guid":{"rendered":"http:\/\/corinne-deschamps.com\/blog\/?p=1049"},"modified":"2020-04-05T10:26:39","modified_gmt":"2020-04-05T09:26:39","slug":"confinement-et-emotions-a-fleurs-de-bach","status":"publish","type":"post","link":"http:\/\/corinne-deschamps.com\/blog\/confinement-et-emotions-a-fleurs-de-bach\/","title":{"rendered":"Confinement et \u00e9motions \u00e0 Fleurs de Bach!"},"content":{"rendered":"<p><span style=\"color: #800080;\"><em>Pour beaucoup d&#8217;entre-nous, ce confinement soudain est une situation extr\u00eamement compliqu\u00e9e \u00e0 g\u00e9rer. <\/em><\/span><\/p>\n<p><span style=\"color: #800080;\"><em>Elle est m\u00eame v\u00e9cue pour certains comme un \u00e9tat d&#8217;urgence et de &#8220;survie&#8221;. <\/em><\/span><\/p>\n<p><span style=\"color: #800080;\"><em>Au d\u00e9but, les enfants ont saut\u00e9 de joie s\u2019imaginant \u00eatre en vacances, mais ils n\u2019imaginaient pas vraiment \u00e0 quel point leur vie allait changer\u00a0! <\/em><\/span><\/p>\n<p><span style=\"color: #800080;\"><em>Et les parents ont d\u00fb tout <\/em><em>g\u00e9rer dans l\u2019urgence<\/em><em>. <\/em><\/span><\/p>\n<p><span style=\"color: #800080;\"><em><strong>Garde des enfants \u00e0 la maison, gestion des devoirs, des activit\u00e9s, et t\u00e9l\u00e9travail peut vite devenir un exercice de haute voltige.<\/strong> <\/em><\/span><\/p>\n<p><span style=\"color: #800080;\"><em>Pour beaucoup, ils ont d\u00fb endosser le r\u00f4le de professeur des \u00e9coles et faire la classe \u00e0 des enfants d\u2019\u00e2ges diff\u00e9rents, tout en s\u2019occupant \u00e9galement des <\/em><em>repas, du m\u00e9nage et du linge. Rien que \u00e7a\u2026 parfois dans des logements sans jardin, balcon ou espace pour pouvoir se \u00ab\u00a0retrouver\u00a0\u00bb. <\/em><\/span><\/p>\n<p><span style=\"color: #800080;\"><em>Pour g\u00e9rer tout cela, il faut de l\u2019organisation mais aussi des nerfs en b\u00e9ton arm\u00e9. <\/em><\/span><\/p>\n<h5><span style=\"color: #800080;\"><em>Et les \u00e9motions dans tout \u00e7a\u00a0? On en parle\u00a0? <\/em><\/span><\/h5>\n<p><span style=\"color: #800080;\"><em>Le Docteur Bach \u00e9tait convaincu que <strong>l\u2019\u00e9tat \u00e9motionnel d\u2019une personne avait un impact imm\u00e9diat sur sa sant\u00e9.<\/strong> <\/em><\/span><\/p>\n<p><span style=\"color: #800080;\"><em>Il pensait que, non g\u00e9r\u00e9s, <strong>un d\u00e9s\u00e9quilibre \u00e9motionnel ou l\u2019accumulation d\u2019\u00e9motions n\u00e9gatives provoquaient immanquablement la maladie.<\/strong><\/em><\/span><\/p>\n<p><span style=\"color: #800080;\"><em>C\u2019est pourquoi il d\u00e9dia la derni\u00e8re partie de sa vie \u00e0 mettre en place une nouvelle m\u00e9decine afin d\u2019aider les gens \u00e0 <strong>r\u00e9\u00e9quilibrer leurs \u00e9motions et ainsi rester ou retrouver la sant\u00e9.<\/strong> <\/em><\/span><\/p>\n<p><span style=\"color: #800080;\"><em>Aujourd\u2019hui encore, alors que nous avons \u00e0 vivre une situation difficile mettant nos \u00e9motions \u00e0 rude \u00e9preuve, les Fleurs de Bach peuvent nous \u00eatre d\u2019une grande aide. <\/em><\/span><\/p>\n<p><span style=\"color: #800080;\"><em><strong>Alors\u2026 Pourquoi pas\u00a0?<\/strong> <\/em><\/span><\/p>\n<p><iframe loading=\"lazy\" title=\"1 LES FLEURS DE BACH ET L&#039;HYPER SENSIBILITE AUX INFLUENCES\" width=\"640\" height=\"360\" src=\"https:\/\/www.youtube.com\/embed\/1bDzcPkbEoo?feature=oembed\" frameborder=\"0\" allow=\"accelerometer; autoplay; clipboard-write; encrypted-media; gyroscope; picture-in-picture; web-share\" referrerpolicy=\"strict-origin-when-cross-origin\" allowfullscreen><\/iframe><\/p>\n<p><em><span style=\"color: #800080;\">Voici donc ma seconde vid\u00e9o sur les Fleurs qui aident \u00e0 g\u00e9rer l\u2019hyper sensibilit\u00e9 aux influences.<\/span> <\/em><\/p>\n","protected":false},"excerpt":{"rendered":"<p>Pour beaucoup d&#8217;entre-nous, ce confinement soudain est une situation extr\u00eamement compliqu\u00e9e \u00e0 g\u00e9rer. Elle est m\u00eame v\u00e9cue pour certains comme un \u00e9tat d&#8217;urgence et&#8230;<\/p>\n","protected":false},"author":1,"featured_media":1051,"comment_status":"open","ping_status":"open","sticky":false,"template":"","format":"standard","meta":{"footnotes":""},"categories":[45],"tags":[],"class_list":["post-1049","post","type-post","status-publish","format-standard","has-post-thumbnail","hentry","category-aromatherapie"],"aioseo_notices":[],"_links":{"self":[{"href":"http:\/\/corinne-deschamps.com\/blog\/wp-json\/wp\/v2\/posts\/1049"}],"collection":[{"href":"http:\/\/corinne-deschamps.com\/blog\/wp-json\/wp\/v2\/posts"}],"about":[{"href":"http:\/\/corinne-deschamps.com\/blog\/wp-json\/wp\/v2\/types\/post"}],"author":[{"embeddable":true,"href":"http:\/\/corinne-deschamps.com\/blog\/wp-json\/wp\/v2\/users\/1"}],"replies":[{"embeddable":true,"href":"http:\/\/corinne-deschamps.com\/blog\/wp-json\/wp\/v2\/comments?post=1049"}],"version-history":[{"count":4,"href":"http:\/\/corinne-deschamps.com\/blog\/wp-json\/wp\/v2\/posts\/1049\/revisions"}],"predecessor-version":[{"id":1057,"href":"http:\/\/corinne-deschamps.com\/blog\/wp-json\/wp\/v2\/posts\/1049\/revisions\/1057"}],"wp:featuredmedia":[{"embeddable":true,"href":"http:\/\/corinne-deschamps.com\/blog\/wp-json\/wp\/v2\/media\/1051"}],"wp:attachment":[{"href":"http:\/\/corinne-deschamps.com\/blog\/wp-json\/wp\/v2\/media?parent=1049"}],"wp:term":[{"taxonomy":"category","embeddable":true,"href":"http:\/\/corinne-deschamps.com\/blog\/wp-json\/wp\/v2\/categories?post=1049"},{"taxonomy":"post_tag","embeddable":true,"href":"http:\/\/corinne-deschamps.com\/blog\/wp-json\/wp\/v2\/tags?post=1049"}],"curies":[{"name":"wp","href":"https:\/\/api.w.org\/{rel}","templated":true}]}}