{"id":1039,"date":"2020-03-28T13:39:56","date_gmt":"2020-03-28T12:39:56","guid":{"rendered":"http:\/\/corinne-deschamps.com\/blog\/?p=1039"},"modified":"2020-04-29T13:24:35","modified_gmt":"2020-04-29T12:24:35","slug":"les-fantastiques-de-bach","status":"publish","type":"post","link":"http:\/\/corinne-deschamps.com\/blog\/les-fantastiques-de-bach\/","title":{"rendered":"Les Fantastiques de Bach."},"content":{"rendered":"\n<p style=\"color:#47076f\" class=\"has-text-color\">Nouvelle annonce&#8230;. le confinement se prolonge. Ce matin j&#8217;annule tous mes rendez-vous du mois d&#8217;avril par sms.<\/p>\n\n\n\n<p style=\"color:#47076f\" class=\"has-text-color\"> J&#8217;ai re\u00e7u plusieurs messages en retour de clients qui attendaient avec impatience leur s\u00e9ance, dont celui du papa du petit Julien, 5 ans. <\/p>\n\n\n\n<p style=\"color:#47076f\" class=\"has-text-color\"> Son message \u00e9tait tellement inatendu qu&#8217;avec son accord, j&#8217;ai d\u00e9cid\u00e9 de partager avec vous ce t\u00e9moignage tellement merveilleux!  <\/p>\n\n\n\n<p style=\"color:#47076f\" class=\"has-text-color\">J&#8217;ai re\u00e7u une seule fois en s\u00e9ance le petit Julien, c&#8217;\u00e9tait d\u00e9but mars, nous devions nous revoir en avril. <\/p>\n\n\n\n<p style=\"color:#47076f\" class=\"has-text-color\">Je vais utiliser des mots simples pour raconter son conflit : ce petit gar\u00e7on de 5 ans a fait caca dans le pot 1 seule fois dans sa vie. Ensuite, il n&#8217;a plus jamais voulu.  Depuis, il fait uniquement dans une couche. Quand c&#8217;est le moment, il le dit \u00e0 ses parents qui lui mettent une couche et il s&#8217;isole&#8230;. Voil\u00e0 la seule solution qu&#8217;a trouv\u00e9 cet enfant pour \u00e9chapper aux toilettes ou au pot.<\/p>\n\n\n\n<p style=\"color:#47076f\" class=\"has-text-color\">Vous imaginez la difficult\u00e9 pour cet enfant? Comme il doit g\u00e9rer ses besoins, en fonction de l&#8217;\u00e9cole, des sorties&#8230;.  Comme il se prive de jeux apr\u00e8s l&#8217;\u00e9cole quand il s&#8217;est retenu pendant toute la journ\u00e9e? <\/p>\n\n\n\n<p style=\"color:#47076f\" class=\"has-text-color\">Ce jour l\u00e0, j&#8217;ai consacr\u00e9 ma s\u00e9ance \u00e0 d\u00e9coder le fonctionnement de ce petit gar\u00e7on afin qu&#8217;il reparte avec les Fleurs de Bach essentielles pouvant l&#8217;aider \u00e0 un retour au choix et \u00e0 la libert\u00e9. <\/p>\n\n\n\n<p style=\"color:#47076f\" class=\"has-text-color\">Aujourd&#8217;hui, alors que j&#8217;ai annul\u00e9 son prochain rdv en avril, voici le message que j&#8217;ai re\u00e7u : j&#8217;aimerais pr\u00e9ciser que je n&#8217;ai chang\u00e9 aucun mot de ce message si ce n&#8217;est le pr\u00e9nom de l&#8217;enfant. <\/p>\n\n\n\n<p style=\"color:#47076f\" class=\"has-text-color\">&#8220;Bonjour, (&#8230;) Je tiens \u00e0 vous pr\u00e9ciser que nous poursuivons toujours les Fleurs de Bach . <strong>Elles ont \u00e9t\u00e9 tr\u00e8s b\u00e9n\u00e9fiques puisque Julien va d\u00e9sormais sur les toilettes pour faire ses besoins!<\/strong> Il prend les Fleurs sans souci. <\/p>\n\n\n\n<p style=\"color:#47076f\" class=\"has-text-color\"><strong>Son comportement a beaucoup chang\u00e9, <\/strong>il est beaucoup plus <strong>ouvert<\/strong>! <strong>Il se comporte moins comme un b\u00e9b\u00e9!<\/strong> Nous sommes, avec sa maman, tr\u00e8s contents du r\u00e9sultat. <\/p>\n\n\n\n<p style=\"color:#47076f\" class=\"has-text-color\">Julien est super fier et il attendait son rendez-vous avec vous. Il \u00e9tait impatient de vous annoncer la nouvelle! Nous sommes ravis. <\/p>\n\n\n\n<p style=\"color:#47076f\" class=\"has-text-color\">Vous \u00e9tiez notre dernier espoir et nous avons eu raison d&#8217;y croire, y compris moi-m\u00eame, qui avais jusque l\u00e0, tendance \u00e0 ne pas croire en la m\u00e9decine douce. Je dis m\u00e9decine douce ne sachant pas trop comment la nommer. Parce qu&#8217;il est vrai que <strong>nous sommes pass\u00e9s par de dr\u00f4les d&#8217;\u00e9tapes<\/strong> avec Julien. Une hypersensibilit\u00e9 soudaine, une esp\u00e8ce de crise d&#8217;angoisse la premi\u00e8re nuit, des mots m\u00e9chants sont sortis, c<strong>omme une sorte de haine qu&#8217;il \u00e9vacuait. <\/strong><\/p>\n\n\n\n<p style=\"color:#47076f\" class=\"has-text-color\">La premi\u00e8re semaine apr\u00e8s notre rendez-vous a \u00e9t\u00e9 tr\u00e8s compliqu\u00e9e et puis <strong>progressivement tout est rentr\u00e9 dans l&#8217;ordre, et tr\u00e8s vite nous avons vu un changement radical s&#8217;op\u00e9rer!<\/strong><\/p>\n\n\n\n<p style=\"color:#47076f\" class=\"has-text-color\">Merci. Le papa de Julien. &#8220;<\/p>\n\n\n\n<div class=\"wp-block-media-text alignwide\"><figure class=\"wp-block-media-text__media\"><img loading=\"lazy\" decoding=\"async\" width=\"768\" height=\"1024\" src=\"http:\/\/corinne-deschamps.com\/blog\/wp-content\/uploads\/2020\/04\/pot-1-768x1024.jpg\" alt=\"\" class=\"wp-image-1064\" srcset=\"http:\/\/corinne-deschamps.com\/blog\/wp-content\/uploads\/2020\/04\/pot-1-768x1024.jpg 768w, http:\/\/corinne-deschamps.com\/blog\/wp-content\/uploads\/2020\/04\/pot-1-225x300.jpg 225w, http:\/\/corinne-deschamps.com\/blog\/wp-content\/uploads\/2020\/04\/pot-1.jpg 1062w\" sizes=\"(max-width: 768px) 100vw, 768px\" \/><\/figure><div class=\"wp-block-media-text__content\">\n<p class=\"has-small-font-size\">photo re\u00e7ue quelques jours plus tard &#8230;. \ud83d\ude42<\/p>\n<\/div><\/div>\n\n\n\n<p style=\"color:#47076f\" class=\"has-text-color\">&#8230;.<\/p>\n\n\n\n<p style=\"color:#47076f\" class=\"has-text-color\">Pour terminer, je le dis toujours : <strong>les Fleurs de Bach sont redoutablement efficaces.<\/strong> Mais elles le sont uniquement lorsqu&#8217;elles correspondent exactement au d\u00e9fi \u00e0 d\u00e9passer. <\/p>\n\n\n\n<p style=\"color:#47076f\" class=\"has-text-color\">Egalement comme l&#8217;a t\u00e9moign\u00e9 le papa de Julien, <strong>d\u00e9passer le conflit exige de traverser des phases d&#8217;\u00e9limination pas toujours \u00e9videntes \u00e0 vivre. <\/strong>Mais quand ces crises apparaissent, BINGO!! elles sont le signe que nous sommes sur la voie de la gu\u00e9rison. C&#8217;est \u00e0 ce moment qu&#8217;il ne faut pas c\u00e9der \u00e0 la peur et abandonner croyant que la situation s&#8217;aggrave! <\/p>\n\n\n\n<p style=\"color:#47076f\" class=\"has-text-color\">&#8230;..<\/p>\n\n\n\n<p style=\"color:#47076f\" class=\"has-text-color\">Cette bonne nouvelle a fait ma journ\u00e9e. Aujourd&#8217;hui, je suis une th\u00e9rapeute combl\u00e9e. Je sais pourquoi je fais ce m\u00e9tier. <\/p>\n","protected":false},"excerpt":{"rendered":"<p>Nouvelle annonce&#8230;. le confinement se prolonge. Ce matin j&#8217;annule tous mes rendez-vous du mois d&#8217;avril par sms. J&#8217;ai re\u00e7u plusieurs messages en retour de&#8230;<\/p>\n","protected":false},"author":1,"featured_media":1034,"comment_status":"open","ping_status":"open","sticky":false,"template":"","format":"standard","meta":{"footnotes":""},"categories":[45,6],"tags":[],"class_list":["post-1039","post","type-post","status-publish","format-standard","has-post-thumbnail","hentry","category-aromatherapie","category-temoignages-seance"],"aioseo_notices":[],"_links":{"self":[{"href":"http:\/\/corinne-deschamps.com\/blog\/wp-json\/wp\/v2\/posts\/1039"}],"collection":[{"href":"http:\/\/corinne-deschamps.com\/blog\/wp-json\/wp\/v2\/posts"}],"about":[{"href":"http:\/\/corinne-deschamps.com\/blog\/wp-json\/wp\/v2\/types\/post"}],"author":[{"embeddable":true,"href":"http:\/\/corinne-deschamps.com\/blog\/wp-json\/wp\/v2\/users\/1"}],"replies":[{"embeddable":true,"href":"http:\/\/corinne-deschamps.com\/blog\/wp-json\/wp\/v2\/comments?post=1039"}],"version-history":[{"count":5,"href":"http:\/\/corinne-deschamps.com\/blog\/wp-json\/wp\/v2\/posts\/1039\/revisions"}],"predecessor-version":[{"id":1066,"href":"http:\/\/corinne-deschamps.com\/blog\/wp-json\/wp\/v2\/posts\/1039\/revisions\/1066"}],"wp:featuredmedia":[{"embeddable":true,"href":"http:\/\/corinne-deschamps.com\/blog\/wp-json\/wp\/v2\/media\/1034"}],"wp:attachment":[{"href":"http:\/\/corinne-deschamps.com\/blog\/wp-json\/wp\/v2\/media?parent=1039"}],"wp:term":[{"taxonomy":"category","embeddable":true,"href":"http:\/\/corinne-deschamps.com\/blog\/wp-json\/wp\/v2\/categories?post=1039"},{"taxonomy":"post_tag","embeddable":true,"href":"http:\/\/corinne-deschamps.com\/blog\/wp-json\/wp\/v2\/tags?post=1039"}],"curies":[{"name":"wp","href":"https:\/\/api.w.org\/{rel}","templated":true}]}}