{"id":1032,"date":"2020-03-21T12:30:36","date_gmt":"2020-03-21T11:30:36","guid":{"rendered":"http:\/\/corinne-deschamps.com\/blog\/?p=1032"},"modified":"2020-03-21T12:32:53","modified_gmt":"2020-03-21T11:32:53","slug":"fleurs-de-bach-nos-alliees","status":"publish","type":"post","link":"http:\/\/corinne-deschamps.com\/blog\/fleurs-de-bach-nos-alliees\/","title":{"rendered":"Fleurs de Bach nos alli\u00e9es"},"content":{"rendered":"\n<p style=\"color:#1200a3\" class=\"has-text-color\">En ces temps si particuliers de confinement le partage de lieux n&#8217;est pas &#8220;\u00e9gal&#8221; pour tous. <\/p>\n\n\n\n<p style=\"color:#1200a3\" class=\"has-text-color\">Ils y a ceux qui sirotent (et c&#8217;est tant mieux) leur menthe \u00e0 l&#8217;eau au bord de la piscine, (oui, oui, dans le sud il fait tr\u00e8s beau!), ceux qui ont r\u00e9ussi \u00e0 se r\u00e9unir dans de grands espaces \u00e0 la montagne ou ailleurs, en famille ou entre amis. Mais il y a ceux qui sont confin\u00e9s dans des appartements minuscules, sans balcon, qui doivent continuer \u00e0 travailler diff\u00e9remment, avec des enfants \u00e0 cot\u00e9 qui s&#8217;ennuient, se disputent ou s&#8217;amusent mais bruyamment&#8230; Et c&#8217;est normal! Les enfants \u00e7a doit bouger! <\/p>\n\n\n\n<p style=\"color:#1200a3\" class=\"has-text-color\">Pour chacun d&#8217;entre nous, ce confinement va \u00eatre v\u00e9cu diff\u00e9remment, en groupe ou isol\u00e9&#8230; avec des \u00e9motions bien personnelles. <\/p>\n\n\n\n<p style=\"color:#1200a3\" class=\"has-text-color\"> Pour certaines personnes, l&#8217;humour, la joie de vivre,  les ont abandonn\u00e9s  parce qu&#8217;elles ont peur&#8230;  <\/p>\n\n\n\n<p style=\"color:#1200a3\" class=\"has-text-color\"> Et selon chacun,  ces peurs vont \u00eatre v\u00e9cues diff\u00e9remment.<\/p>\n\n\n\n<p style=\"color:#1200a3\" class=\"has-text-color\">Exprim\u00e9e ou pas, la peur reste une \u00e9motion d\u00e9vastatrice. <\/p>\n\n\n\n<p style=\"color:#1200a3\" class=\"has-text-color\">C&#8217;est pour ces personnes que j&#8217;ai souhait\u00e9 r\u00e9aliser cette vid\u00e9o. Pour leur expliquer que les Fleurs de Bach peuvent \u00eatre une aide efficace pour d\u00e9passer ces peurs et revenir \u00e0 au calme et \u00e0 la maitrise de soi. <\/p>\n\n\n\n<figure class=\"wp-block-embed-youtube wp-block-embed is-type-video is-provider-youtube wp-embed-aspect-16-9 wp-has-aspect-ratio\"><div class=\"wp-block-embed__wrapper\">\n<iframe loading=\"lazy\" title=\"1 LES FLEURS DE BACH ET LA PEUR\" width=\"640\" height=\"360\" src=\"https:\/\/www.youtube.com\/embed\/uT2VrYpmIN8?feature=oembed\" frameborder=\"0\" allow=\"accelerometer; autoplay; clipboard-write; encrypted-media; gyroscope; picture-in-picture; web-share\" referrerpolicy=\"strict-origin-when-cross-origin\" allowfullscreen><\/iframe>\n<\/div><\/figure>\n\n\n\n<p style=\"color:#1200a3\" class=\"has-text-color\">5 minutes pour vous parler de 5 Fleurs si efficaces pour d\u00e9passer les peurs. <\/p>\n","protected":false},"excerpt":{"rendered":"<p>En ces temps si particuliers de confinement le partage de lieux n&#8217;est pas &#8220;\u00e9gal&#8221; pour tous. Ils y a ceux qui sirotent (et c&#8217;est&#8230;<\/p>\n","protected":false},"author":1,"featured_media":1034,"comment_status":"open","ping_status":"open","sticky":false,"template":"","format":"standard","meta":{"footnotes":""},"categories":[45],"tags":[],"class_list":["post-1032","post","type-post","status-publish","format-standard","has-post-thumbnail","hentry","category-aromatherapie"],"aioseo_notices":[],"_links":{"self":[{"href":"http:\/\/corinne-deschamps.com\/blog\/wp-json\/wp\/v2\/posts\/1032"}],"collection":[{"href":"http:\/\/corinne-deschamps.com\/blog\/wp-json\/wp\/v2\/posts"}],"about":[{"href":"http:\/\/corinne-deschamps.com\/blog\/wp-json\/wp\/v2\/types\/post"}],"author":[{"embeddable":true,"href":"http:\/\/corinne-deschamps.com\/blog\/wp-json\/wp\/v2\/users\/1"}],"replies":[{"embeddable":true,"href":"http:\/\/corinne-deschamps.com\/blog\/wp-json\/wp\/v2\/comments?post=1032"}],"version-history":[{"count":3,"href":"http:\/\/corinne-deschamps.com\/blog\/wp-json\/wp\/v2\/posts\/1032\/revisions"}],"predecessor-version":[{"id":1036,"href":"http:\/\/corinne-deschamps.com\/blog\/wp-json\/wp\/v2\/posts\/1032\/revisions\/1036"}],"wp:featuredmedia":[{"embeddable":true,"href":"http:\/\/corinne-deschamps.com\/blog\/wp-json\/wp\/v2\/media\/1034"}],"wp:attachment":[{"href":"http:\/\/corinne-deschamps.com\/blog\/wp-json\/wp\/v2\/media?parent=1032"}],"wp:term":[{"taxonomy":"category","embeddable":true,"href":"http:\/\/corinne-deschamps.com\/blog\/wp-json\/wp\/v2\/categories?post=1032"},{"taxonomy":"post_tag","embeddable":true,"href":"http:\/\/corinne-deschamps.com\/blog\/wp-json\/wp\/v2\/tags?post=1032"}],"curies":[{"name":"wp","href":"https:\/\/api.w.org\/{rel}","templated":true}]}}